{"id":66501,"date":"2024-03-21T16:56:21","date_gmt":"2024-03-21T22:56:21","guid":{"rendered":"http:\/\/www.zonaroja.com.mx\/?p=66501"},"modified":"2024-03-21T16:56:22","modified_gmt":"2024-03-21T22:56:22","slug":"indaga-fiscalia-muerte-de-cinco-personas-por-accidente-en-la-sierra-de-juarez","status":"publish","type":"post","link":"https:\/\/zonaroja.com.mx\/?p=66501","title":{"rendered":"Indaga Fiscal\u00eda muerte de cinco personas por accidente en la Sierra de Ju\u00e1rez"},"content":{"rendered":"\n<p>Raymundo Morales\/Zona Roja.<\/p>\n\n\n\n<p>Oaxaca de Ju\u00e1rez, Oax., a 21 de marzo de 2024.-&nbsp;Cinco personas fallecieron la ma\u00f1ana de hoy en un accidente vehicular en la carretera federal 175 Oaxaca-Tuxtepec, en jurisdicci\u00f3n de Ixtl\u00e1n de Ju\u00e1rez.<\/p>\n\n\n\n<p>La Fiscal\u00eda General del Estado de Oaxaca inform\u00f3 que realiza los trabajos periciales y ministeriales correspondientes del caso registrado a la altura del paraje conocido como \u201cShoo Betto\u201d o curva de \u201cPaso Canoa\u201d, en el kil\u00f3metro 153 de la citada vialidad.<\/p>\n\n\n\n<p>En un comunicado, detall\u00f3 que tras el rescate de los cuerpos, fueron trasladados al Instituto de Servicios Periciales para que se efect\u00faen los trabajos cient\u00edficos pertinentes, a fin de conocer c\u00f3mo sucedieron los hechos e integrar los resultados a las investigaciones que se realizan en torno a este incidente.<\/p>\n\n\n\n<p>Seg\u00fan reportes policiacos, fue alrededor de las 06:40 cuando se tuvo conocimiento del percance, tras lo cual arribaron elementos de la Polic\u00eda Vial y se percataron que un cami\u00f3n de transporte de troncos de madera cay\u00f3 a un barranco de unos 150 metros.<\/p>\n\n\n\n<p>Personal param\u00e9dico y rescatistas de distintas corporaciones coadyuvaron y se rescat\u00f3 adem\u00e1s a una persona con vida, del sexo masculino, que fue trasladada por una ambulancia de Santa Mar\u00eda Jaltianguis a un hospital de Ixtl\u00e1n.<\/p>\n\n\n\n<p>Hasta el momento no se han dado a conocer las razones de la volcadura del cami\u00f3n tipo trocero.<\/p>\n","protected":false},"excerpt":{"rendered":"<p>Raymundo Morales\/Zona Roja. Oaxaca de Ju\u00e1rez, Oax., a 21 de marzo de 2024.-&nbsp;Cinco personas fallecieron&hellip;<\/p>\n","protected":false},"author":2,"featured_media":66502,"comment_status":"closed","ping_status":"open","sticky":false,"template":"","format":"standard","meta":{"_lmt_disableupdate":"","_lmt_disable":"","_jetpack_memberships_contains_paid_content":false,"footnotes":""},"categories":[109,51],"tags":[3416,2196],"class_list":["post-66501","post","type-post","status-publish","format-standard","has-post-thumbnail","hentry","category-minuto-a-minuto","category-zona-roja","tag-accidentes-carreteros-oaxaca","tag-ixtlan-de-juarez"],"jetpack_featured_media_url":"https:\/\/zonaroja.com.mx\/wp-content\/uploads\/2024\/03\/Accidente-Sierra-de-Juarez-cinco-muertos-Ixtlan.jpg","jetpack_sharing_enabled":true,"_links":{"self":[{"href":"https:\/\/zonaroja.com.mx\/index.php?rest_route=\/wp\/v2\/posts\/66501","targetHints":{"allow":["GET"]}}],"collection":[{"href":"https:\/\/zonaroja.com.mx\/index.php?rest_route=\/wp\/v2\/posts"}],"about":[{"href":"https:\/\/zonaroja.com.mx\/index.php?rest_route=\/wp\/v2\/types\/post"}],"author":[{"embeddable":true,"href":"https:\/\/zonaroja.com.mx\/index.php?rest_route=\/wp\/v2\/users\/2"}],"replies":[{"embeddable":true,"href":"https:\/\/zonaroja.com.mx\/index.php?rest_route=%2Fwp%2Fv2%2Fcomments&post=66501"}],"version-history":[{"count":1,"href":"https:\/\/zonaroja.com.mx\/index.php?rest_route=\/wp\/v2\/posts\/66501\/revisions"}],"predecessor-version":[{"id":66503,"href":"https:\/\/zonaroja.com.mx\/index.php?rest_route=\/wp\/v2\/posts\/66501\/revisions\/66503"}],"wp:featuredmedia":[{"embeddable":true,"href":"https:\/\/zonaroja.com.mx\/index.php?rest_route=\/wp\/v2\/media\/66502"}],"wp:attachment":[{"href":"https:\/\/zonaroja.com.mx\/index.php?rest_route=%2Fwp%2Fv2%2Fmedia&parent=66501"}],"wp:term":[{"taxonomy":"category","embeddable":true,"href":"https:\/\/zonaroja.com.mx\/index.php?rest_route=%2Fwp%2Fv2%2Fcategories&post=66501"},{"taxonomy":"post_tag","embeddable":true,"href":"https:\/\/zonaroja.com.mx\/index.php?rest_route=%2Fwp%2Fv2%2Ftags&post=66501"}],"curies":[{"name":"wp","href":"https:\/\/api.w.org\/{rel}","templated":true}]}}