{"id":66504,"date":"2024-03-21T17:11:27","date_gmt":"2024-03-21T23:11:27","guid":{"rendered":"http:\/\/www.zonaroja.com.mx\/?p=66504"},"modified":"2024-03-21T17:11:29","modified_gmt":"2024-03-21T23:11:29","slug":"denuncian-que-familiares-de-candidata-del-pvem-esta-involucrada-en-explotacion-ilegal-del-rio-los-perros-en-ciudad-ixtepec","status":"publish","type":"post","link":"https:\/\/zonaroja.com.mx\/?p=66504","title":{"rendered":"Denuncian que familiares de candidata del PVEM est\u00e1 involucrada en explotaci\u00f3n ilegal del r\u00edo Los Perros en Ciudad Ixtepec"},"content":{"rendered":"\n<p>Yuridiana Sosa\/Zona Roja.<\/p>\n\n\n\n<p>Oaxaca de Ju\u00e1rez, Oax., 21 de marzo de 2024.- Desde hace m\u00e1s de dos a\u00f1os, familiares de la candidata a la presidencia de Ciudad Ixtepec por el Partido Verde Ecologista de M\u00e9xico, Anel Mart\u00ednez Rosado, ha explotado de forma irracional el r\u00edo&nbsp;\u201cLos Perros\u201d, uno de los m\u00e1s importantes en la regi\u00f3n del Istmo.<\/p>\n\n\n\n<p>El activista, Juli\u00e1n Echeverr\u00eda Enr\u00edquez, se\u00f1al\u00f3 que sostiene una demanda ante la Comisi\u00f3n Nacional del Agua y de la Procuradur\u00eda Federal de Protecci\u00f3n al Ambiente (Profepa) para impedir que las actividades de las graveras a cargo de la familia Rosado contin\u00faen.<\/p>\n\n\n\n<p>Habitantes de la colonia El Carrizal, en donde se ubican dos graveras, se oponen a la actividad y &nbsp;exigen a las autoridades federales la reparaci\u00f3n del da\u00f1o de la explotaci\u00f3n ilegal de los recursos p\u00e9treos.<\/p>\n\n\n\n<p>Dicha empresa involucra a varios integrantes de la familia de la candidata del PVEM, partido que supuestamente defiende los recursos naturales.<\/p>\n\n\n\n<p>De acuerdo a la entrevista del activista con la periodista de la zona, Martha Izquierdo, quien es la figura p\u00fablica de la empresa es Avilio Rosado, t\u00edo de la ex regidora de Ciudad Ixtepec; sin embargo, la gravera estar\u00eda a nombre de la madre de la candidata, pero las supuestas concesiones que buscan las solicitan a nombre de Olga Rosado \u2014hermana de Avilio\u2014, t\u00eda de Anel Mart\u00ednez.<\/p>\n\n\n\n<p>En el a\u00f1o 2022, los afectados denunciaron la actividad de dicha empresa ante su reiterada insistencia pese al rechazo de los ciudadanos.<\/p>\n\n\n\n<p>Ante la denuncia, la primera gravera fue clausurada por las autoridades, pero al poco tiempo y a unos 200 metros de distancia, instalaron otra, a la que tiempo despu\u00e9s tambi\u00e9n frenaron sus actividades.<\/p>\n\n\n\n<p>Pues, la familia se niega a la reparaci\u00f3n del da\u00f1o y&nbsp; ha procedido para echar abajo las demandas en su contra por los da\u00f1os ocasionados.&nbsp;<\/p>\n","protected":false},"excerpt":{"rendered":"<p>Yuridiana Sosa\/Zona Roja. Oaxaca de Ju\u00e1rez, Oax., 21 de marzo de 2024.- Desde hace m\u00e1s&hellip;<\/p>\n","protected":false},"author":2,"featured_media":66506,"comment_status":"closed","ping_status":"open","sticky":false,"template":"","format":"standard","meta":{"_lmt_disableupdate":"","_lmt_disable":"","_jetpack_memberships_contains_paid_content":false,"footnotes":""},"categories":[109,47],"tags":[3877,703],"class_list":["post-66504","post","type-post","status-publish","format-standard","has-post-thumbnail","hentry","category-minuto-a-minuto","category-zona-gris","tag-anel-martinez-rosdo","tag-ciudad-ixtepec"],"jetpack_featured_media_url":"https:\/\/zonaroja.com.mx\/wp-content\/uploads\/2024\/03\/Anel-Martinez-rosado-ciudad-ixtepec.jpg","jetpack_sharing_enabled":true,"_links":{"self":[{"href":"https:\/\/zonaroja.com.mx\/index.php?rest_route=\/wp\/v2\/posts\/66504","targetHints":{"allow":["GET"]}}],"collection":[{"href":"https:\/\/zonaroja.com.mx\/index.php?rest_route=\/wp\/v2\/posts"}],"about":[{"href":"https:\/\/zonaroja.com.mx\/index.php?rest_route=\/wp\/v2\/types\/post"}],"author":[{"embeddable":true,"href":"https:\/\/zonaroja.com.mx\/index.php?rest_route=\/wp\/v2\/users\/2"}],"replies":[{"embeddable":true,"href":"https:\/\/zonaroja.com.mx\/index.php?rest_route=%2Fwp%2Fv2%2Fcomments&post=66504"}],"version-history":[{"count":1,"href":"https:\/\/zonaroja.com.mx\/index.php?rest_route=\/wp\/v2\/posts\/66504\/revisions"}],"predecessor-version":[{"id":66507,"href":"https:\/\/zonaroja.com.mx\/index.php?rest_route=\/wp\/v2\/posts\/66504\/revisions\/66507"}],"wp:featuredmedia":[{"embeddable":true,"href":"https:\/\/zonaroja.com.mx\/index.php?rest_route=\/wp\/v2\/media\/66506"}],"wp:attachment":[{"href":"https:\/\/zonaroja.com.mx\/index.php?rest_route=%2Fwp%2Fv2%2Fmedia&parent=66504"}],"wp:term":[{"taxonomy":"category","embeddable":true,"href":"https:\/\/zonaroja.com.mx\/index.php?rest_route=%2Fwp%2Fv2%2Fcategories&post=66504"},{"taxonomy":"post_tag","embeddable":true,"href":"https:\/\/zonaroja.com.mx\/index.php?rest_route=%2Fwp%2Fv2%2Ftags&post=66504"}],"curies":[{"name":"wp","href":"https:\/\/api.w.org\/{rel}","templated":true}]}}