{"id":66508,"date":"2024-03-21T21:43:20","date_gmt":"2024-03-22T03:43:20","guid":{"rendered":"http:\/\/www.zonaroja.com.mx\/?p=66508"},"modified":"2024-03-21T21:43:22","modified_gmt":"2024-03-22T03:43:22","slug":"sorpresa-visita-de-amlo-en-calma-y-sin-protestas-en-oaxaca","status":"publish","type":"post","link":"https:\/\/zonaroja.com.mx\/?p=66508","title":{"rendered":"\u00a1Sorpresa! Visita de AMLO en calma y sin protestas en Oaxaca"},"content":{"rendered":"\n<p>Yuridiana Sosa\/Zona Roja.<\/p>\n\n\n\n<p>Oaxaca de Ju\u00e1rez, Oax., a 21 de marzo de 2024.- Como desde hace varias visitas no se ve\u00eda, la presencia este jueves del Presidente de M\u00e9xico, Andr\u00e9s Manuel L\u00f3pez Obrador, en Oaxaca se registr\u00f3 sin protestas, en orden, y con cientos de seguidores que buscaron un saludo o una foto.<\/p>\n\n\n\n<p>A excepci\u00f3n del accidente de un cami\u00f3n trocero en la carretera federal 175 Oaxaca-Tuxtepec, a la altura del kil\u00f3metro 153, en la que murieron cinco hombres, la gira del mandatario nacional se realiz\u00f3 sin novedades.<\/p>\n\n\n\n<p>Hasta la Secci\u00f3n 22 del SNTE se comport\u00f3 y realiz\u00f3 a temprana hora su homenaje al Benem\u00e9rito de las Am\u00e9ricas en Guelatao, para no incomodar al mandatario mexicano.<\/p>\n\n\n\n<p>L\u00f3pez Obrador acudi\u00f3 a la entidad de forma especial para la conmemoraci\u00f3n del 218 aniversario del natalicio de Benito Ju\u00e1rez, para encabezar el acto oficial desde Guelatao en la Sierra Ju\u00e1rez.<\/p>\n\n\n\n<p>Dicho acto lo ha encabezado desde que tom\u00f3 el cargo de presidente, como parte de una promesa, por lo que el de este a\u00f1o es el \u00faltimo que encabezar\u00e1 desde su cargo.<\/p>\n\n\n\n<p>LA GIRA<\/p>\n\n\n\n<p>Las actividades del mandatario nacional comenzaron con su conferencia matutina desde la sede de la VIII Regi\u00f3n Militar de la Secretar\u00eda de la Defensa Nacional, ubicada en jurisdicci\u00f3n de Santa Mar\u00eda Ixcotel, de Santa Luc\u00eda del Camino, conurbado a la capital.<\/p>\n\n\n\n<p>Debido a anteriores experiencias de numerosas protestas, en esta ocasi\u00f3n decenas de soldados vestidos de civil resguardaron la zona.<\/p>\n\n\n\n<p>Despu\u00e9s del mediod\u00eda arrib\u00f3 a Guelatao de Ju\u00e1rez para realizar el acto oficial del natalicio de Benito Ju\u00e1rez y donde decenas de ciudadanos lo recibieron.<\/p>\n\n\n\n<p>\u201cLa transformaci\u00f3n la estamos haciendo entre todos y desde abajo; en el caso &nbsp;de Oaxaca muchas obras se hacen con la participaci\u00f3n de la &nbsp;Secretar\u00eda de Marina, ellos son pueblo con uniformes\u201d, indic\u00f3.<\/p>\n\n\n\n<p>M\u00e1s tarde, encabez\u00f3 una reuni\u00f3n con m\u00e1s de una veintena de gobernadores y gobernadoras de M\u00e9xico desde Palacio de Gobierno, en la capital del estado.<\/p>\n\n\n\n<p>En esta ocasi\u00f3n la recepci\u00f3n se dio con un Palacio de Gobierno amurallado, para evitar protestas o interrupciones, pero no las hubo.<\/p>\n\n\n\n<p>L\u00f3pez Obrador abord\u00f3 el tema del IMSS- Bienestar con los estados que participan en este sistema de salud, el cual dijo, espera dejar en marcha al t\u00e9rmino de su mandato, en menos de nueve meses.&nbsp;<\/p>\n\n\n\n<p>Poco despu\u00e9s de las 19:00 horas culmin\u00f3 la reuni\u00f3n de trabajo, pero a la salida ya lo esperaban cientos de oaxaque\u00f1os, que tras una valla pidieron a gritos saludar a Obrador, quien accedi\u00f3 por unos minutos y pas\u00f3 a saludar a la gente.<\/p>\n\n\n\n<p>Fue un jueves de saldo blanco, pues en esta ocasi\u00f3n ni los normalistas ni las organizaciones sociales ni el magisterio tuvieron inter\u00e9s en realizar una protesta\u2026 con la promesa previa de que todas sus demandas ser\u00edan atendidas.<\/p>\n","protected":false},"excerpt":{"rendered":"<p>Yuridiana Sosa\/Zona Roja. Oaxaca de Ju\u00e1rez, Oax., a 21 de marzo de 2024.- Como desde&hellip;<\/p>\n","protected":false},"author":2,"featured_media":66505,"comment_status":"closed","ping_status":"open","sticky":false,"template":"","format":"standard","meta":{"_lmt_disableupdate":"","_lmt_disable":"","_jetpack_memberships_contains_paid_content":false,"footnotes":""},"categories":[109,46],"tags":[1536],"class_list":["post-66508","post","type-post","status-publish","format-standard","has-post-thumbnail","hentry","category-minuto-a-minuto","category-zona-blanca","tag-visita-andres-manuel-lopez-obrador-a-oaxaca"],"jetpack_featured_media_url":"https:\/\/zonaroja.com.mx\/wp-content\/uploads\/2024\/03\/andres-manuel-Lope-obrador-Oaxaca-Guelatao.jpg","jetpack_sharing_enabled":true,"_links":{"self":[{"href":"https:\/\/zonaroja.com.mx\/index.php?rest_route=\/wp\/v2\/posts\/66508","targetHints":{"allow":["GET"]}}],"collection":[{"href":"https:\/\/zonaroja.com.mx\/index.php?rest_route=\/wp\/v2\/posts"}],"about":[{"href":"https:\/\/zonaroja.com.mx\/index.php?rest_route=\/wp\/v2\/types\/post"}],"author":[{"embeddable":true,"href":"https:\/\/zonaroja.com.mx\/index.php?rest_route=\/wp\/v2\/users\/2"}],"replies":[{"embeddable":true,"href":"https:\/\/zonaroja.com.mx\/index.php?rest_route=%2Fwp%2Fv2%2Fcomments&post=66508"}],"version-history":[{"count":1,"href":"https:\/\/zonaroja.com.mx\/index.php?rest_route=\/wp\/v2\/posts\/66508\/revisions"}],"predecessor-version":[{"id":66509,"href":"https:\/\/zonaroja.com.mx\/index.php?rest_route=\/wp\/v2\/posts\/66508\/revisions\/66509"}],"wp:featuredmedia":[{"embeddable":true,"href":"https:\/\/zonaroja.com.mx\/index.php?rest_route=\/wp\/v2\/media\/66505"}],"wp:attachment":[{"href":"https:\/\/zonaroja.com.mx\/index.php?rest_route=%2Fwp%2Fv2%2Fmedia&parent=66508"}],"wp:term":[{"taxonomy":"category","embeddable":true,"href":"https:\/\/zonaroja.com.mx\/index.php?rest_route=%2Fwp%2Fv2%2Fcategories&post=66508"},{"taxonomy":"post_tag","embeddable":true,"href":"https:\/\/zonaroja.com.mx\/index.php?rest_route=%2Fwp%2Fv2%2Ftags&post=66508"}],"curies":[{"name":"wp","href":"https:\/\/api.w.org\/{rel}","templated":true}]}}