{"id":66512,"date":"2024-03-22T08:30:00","date_gmt":"2024-03-22T14:30:00","guid":{"rendered":"http:\/\/www.zonaroja.com.mx\/?p=66512"},"modified":"2024-03-22T07:02:06","modified_gmt":"2024-03-22T13:02:06","slug":"detiene-fiscalia-a-dos-individuos-acusados-de-abuso-sexual-en-la-region-costa","status":"publish","type":"post","link":"https:\/\/zonaroja.com.mx\/?p=66512","title":{"rendered":"Detiene Fiscal\u00eda a dos individuos acusados de abuso sexual, en la regi\u00f3n Costa"},"content":{"rendered":"\n<p>Redacci\u00f3n\/Zona Roja.&nbsp;<\/p>\n\n\n\n<p>Oaxaca de Ju\u00e1rez, Oax., a 22 de marzo de 2024.-&nbsp;Como resultado de las investigaciones enfocadas en garantizar los derechos a una vida libre de violencia en contra de ni\u00f1as ni\u00f1os y adolescentes, la Fiscal\u00eda General del Estado de Oaxaca (FGEO) ejecut\u00f3 una orden de aprehensi\u00f3n en contra de una persona del sexo masculino identificada como A.S.C., por el delito de Violaci\u00f3n Agravada y Abuso Sexual Agravado, cometido en la regi\u00f3n de la Costa.<\/p>\n\n\n\n<p>De acuerdo con lo asentado en el expediente penal del caso, la v\u00edctima (cuya identidad est\u00e1 reservada por ley) fue agredida de manera sexual en diferentes fechas, desde que ten\u00eda once a\u00f1os de edad y hasta que cumpli\u00f3 los 16, hechos que ocurrieron en distintas locaciones dentro del municipio de San Juan Lachao<\/p>\n\n\n\n<p>La v\u00edctima acudi\u00f3 ante el Ministerio P\u00fablico de la FGEO para denunciar las agresiones que se configuran en delitos sexuales, por lo que la Vicefiscal\u00eda Regional de la Costa atrajo el caso a trav\u00e9s de la Unidad Operativa de Investigaci\u00f3n de Delitos Cometidos Contra la Mujer Por Raz\u00f3n De G\u00e9nero de la Vicefiscal\u00eda Regional de la Costa, que reuni\u00f3 las pruebas suficientes que permitieron la obtenci\u00f3n y ejecuci\u00f3n de una orden de aprehensi\u00f3n en contra de A.S.C., quien qued\u00f3 a disposici\u00f3n de la autoridad ministerial para que se determine su situaci\u00f3n jur\u00eddica.<\/p>\n\n\n\n<p>EN HUATULCO<\/p>\n\n\n\n<p>En otro caso, la Fiscal\u00eda General del Estado ejecut\u00f3 una orden de aprehensi\u00f3n en contra de una persona del sexo masculino identificada por las iniciales M.R.S., por el delito de Violaci\u00f3n en agravio de una adolescente, hechos ocurridos en la regi\u00f3n de la Costa.<\/p>\n\n\n\n<p>De acuerdo con lo asentado en el expediente penal del caso, lo hechos sucedieron el 15 de abril de 2023, cuando la v\u00edctima (una adolescente cuya identidad est\u00e1 reservada por ley) se encontraba en un domicilio, ubicado en el municipio de Santa Cruz Huatulco, sitio en el que fue agredida de manera sexual, conducta que constituye la comisi\u00f3n del delito de violaci\u00f3n.<\/p>\n\n\n\n<p>Ante estos hechos y al recibir la denuncia de los familiares, la FGEO, a trav\u00e9s del Ministerio P\u00fablico de Delitos Contra la Mujer por Raz\u00f3n de G\u00e9nero adscrita a la Vicefiscal\u00eda Regional de la Costa, aplic\u00f3 los protocolos y t\u00e9cnicas de investigaci\u00f3n que condujeron a la localizaci\u00f3n del probable responsable de la agresi\u00f3n, por lo que la Agencia Estatal de Investigaciones realiz\u00f3 su detenci\u00f3n al ejecutar una orden de aprehensi\u00f3n la ma\u00f1ana del 20 de marzo de 2024.<\/p>\n\n\n\n<p>Tras la detenci\u00f3n de M.R.S., fue presentado ante la autoridad correspondiente para determinar su situaci\u00f3n jur\u00eddica.<\/p>\n\n\n\n<p>La Fiscal\u00eda General del Estado de Oaxaca cuenta con \u00e1reas de atenci\u00f3n especializadas para brindar acompa\u00f1amiento integral a las v\u00edctimas en sus procesos de procuraci\u00f3n de justicia.<\/p>\n","protected":false},"excerpt":{"rendered":"<p>Redacci\u00f3n\/Zona Roja.&nbsp; Oaxaca de Ju\u00e1rez, Oax., a 22 de marzo de 2024.-&nbsp;Como resultado de las&hellip;<\/p>\n","protected":false},"author":2,"featured_media":66513,"comment_status":"closed","ping_status":"open","sticky":false,"template":"","format":"standard","meta":{"_lmt_disableupdate":"","_lmt_disable":"","_jetpack_memberships_contains_paid_content":false,"footnotes":""},"categories":[109,46],"tags":[494],"class_list":["post-66512","post","type-post","status-publish","format-standard","has-post-thumbnail","hentry","category-minuto-a-minuto","category-zona-blanca","tag-fiscalia-general-del-estado-de-oaxaca"],"jetpack_featured_media_url":"https:\/\/zonaroja.com.mx\/wp-content\/uploads\/2024\/03\/Detenidos-delitos-sexualses-Fiscalia-Costa-Oaxaca.jpg","jetpack_sharing_enabled":true,"_links":{"self":[{"href":"https:\/\/zonaroja.com.mx\/index.php?rest_route=\/wp\/v2\/posts\/66512","targetHints":{"allow":["GET"]}}],"collection":[{"href":"https:\/\/zonaroja.com.mx\/index.php?rest_route=\/wp\/v2\/posts"}],"about":[{"href":"https:\/\/zonaroja.com.mx\/index.php?rest_route=\/wp\/v2\/types\/post"}],"author":[{"embeddable":true,"href":"https:\/\/zonaroja.com.mx\/index.php?rest_route=\/wp\/v2\/users\/2"}],"replies":[{"embeddable":true,"href":"https:\/\/zonaroja.com.mx\/index.php?rest_route=%2Fwp%2Fv2%2Fcomments&post=66512"}],"version-history":[{"count":1,"href":"https:\/\/zonaroja.com.mx\/index.php?rest_route=\/wp\/v2\/posts\/66512\/revisions"}],"predecessor-version":[{"id":66514,"href":"https:\/\/zonaroja.com.mx\/index.php?rest_route=\/wp\/v2\/posts\/66512\/revisions\/66514"}],"wp:featuredmedia":[{"embeddable":true,"href":"https:\/\/zonaroja.com.mx\/index.php?rest_route=\/wp\/v2\/media\/66513"}],"wp:attachment":[{"href":"https:\/\/zonaroja.com.mx\/index.php?rest_route=%2Fwp%2Fv2%2Fmedia&parent=66512"}],"wp:term":[{"taxonomy":"category","embeddable":true,"href":"https:\/\/zonaroja.com.mx\/index.php?rest_route=%2Fwp%2Fv2%2Fcategories&post=66512"},{"taxonomy":"post_tag","embeddable":true,"href":"https:\/\/zonaroja.com.mx\/index.php?rest_route=%2Fwp%2Fv2%2Ftags&post=66512"}],"curies":[{"name":"wp","href":"https:\/\/api.w.org\/{rel}","templated":true}]}}