{"id":66515,"date":"2024-03-22T08:04:00","date_gmt":"2024-03-22T14:04:00","guid":{"rendered":"http:\/\/www.zonaroja.com.mx\/?p=66515"},"modified":"2024-03-22T07:06:22","modified_gmt":"2024-03-22T13:06:22","slug":"asesinan-a-balazos-a-presidente-de-instituto-de-informacion-publica-en-morelos","status":"publish","type":"post","link":"https:\/\/zonaroja.com.mx\/?p=66515","title":{"rendered":"Asesinan a balazos a presidente de Instituto de Informaci\u00f3n P\u00fablica en Morelos"},"content":{"rendered":"\n<p>Redacci\u00f3n\/Zona Roja Cdmx.<\/p>\n\n\n\n<p>Ciudad de M\u00e9xico, a 22 de marzo de 2024.- Marco Antonio Alvear S\u00e1nchez, comisionado presidente del Instituto Morelense de Informaci\u00f3n P\u00fablica y Estad\u00edstica (IMIPE), fue asesinado a balazos la tarde de ayer cuando circulaba en su autom\u00f3vil cerca del z\u00f3calo de Cuernavaca, informaron fuentes policiales.<\/p>\n\n\n\n<p>El ataque contra el funcionario, de 52 a\u00f1os, se perpetr\u00f3 alrededor de las 16:30 horas cuando manejaba un Mini Cooper azul en las inmediaciones del Museo de Arte Contempor\u00e1neo Juan Soriano, ubicado a una cuadra del Congreso local y a tres del primer cuadro de la ciudad.<\/p>\n\n\n\n<p>En sus redes sociales, el gobernador Cuauht\u00e9moc Blanco y el pleno del Instituto Nacional de Transparencia, Acceso a la Informaci\u00f3n y Protecci\u00f3n de Datos Personales (INAI) lamentaron el crimen y enviaron condolencias a familiares y amigos de Alvear S\u00e1nchez.<\/p>\n\n\n\n<p>\u201cHago un en\u00e9rgico llamado a las autoridades correspondientes del estado de Morelos para que se esclarezca la muerte de nuestro colega\u201d, se\u00f1al\u00f3 el presidente del INAI, Adri\u00e1n Alcal\u00e1.<\/p>\n\n\n\n<p>EN NUEVO LE\u00d3N<\/p>\n\n\n\n<p>En tanto, unos 300 elementos de la Cuarta Regi\u00f3n Militar, que integra la Fuerza de Tarea Regional, procedentes de Tamaulipas, arribaron ayer a Nuevo Le\u00f3n para reforzar la seguridad tras el hallazgo de siete cad\u00e1veres, cinco cr\u00e1neos y al menos cuatro restos \u00f3seos en un predio del municipio de Pesquer\u00eda.<\/p>\n\n\n\n<p>El encargado del despacho de la fiscal\u00eda estatal, Pedro Arce, dio a conocer que un veh\u00edculo que estaba calcinado en el sitio pertenec\u00eda al radi\u00f3logo Ricardo Lozano, quien lleva un mes desaparecido; sin embargo, puntualiz\u00f3 que a\u00fan se desconocen las identidades de los fallecidos.<\/p>\n\n\n\n<p>De acuerdo con el informe de la FGE, los cuerpos y los segmentos humanos estaban en un radio de 150 metros de un paraje conocido como Ojo de Agua, ubicado atr\u00e1s del Aeropuerto Internacional de Monterrey.<\/p>\n\n\n\n<p>Las autoridades recibieron anteayer, alrededor de las 18:30 horas, el reporte sobre una camioneta Honda Odissey de reciente modelo que se estaba incendiando a dos kil\u00f3metros de la carretera a Miguel Alem\u00e1n, al noreste de la zona metropolitana de Monterrey.<\/p>\n\n\n\n<p>Efectivos estatales y federales encontraron un cuerpo y tres cr\u00e1neos calcinados dentro del veh\u00edculo; entre la noche del mi\u00e9rcoles y el transcurso del jueves localizaron los dem\u00e1s cad\u00e1veres y restos \u00f3seos mencionados.<\/p>\n\n\n\n<p>EN CHIAPAS<\/p>\n\n\n\n<p>Presuntos integrantes del C\u00e1rtel de Sinaloa bloquearon desde la ma\u00f1ana del jueves la carretera Panamericana a la altura de la localidad de Chamic, municipio de Frontera Comalapa, Chiapas, informaron pobladores.<\/p>\n\n\n\n<p>\u201cNo se saben bien los motivos; unas personas dicen que fue porque asesinaron a un habitante de la comunidad y otras, que porque hubo dos heridos de bala (durante un enfrentamiento)\u201d, manifestaron.<\/p>\n\n\n\n<p>A\u00f1adieron que el cierre de la carretera, ubicado en el tramo que se localiza entre La Trinitaria y la frontera de Ciudad Cuauht\u00e9moc, comenz\u00f3 temprano cuando decenas de lugare\u00f1os atravesaron unidades para impedir el paso vehicular. Al cierre de esta edici\u00f3n, el cerco continuaba.<\/p>\n\n\n\n<p>La disputa del territorio en esa zona entre los c\u00e1rteles de Sinaloa y Jalisco Nueva Generaci\u00f3n inici\u00f3 hace m\u00e1s de dos a\u00f1os, lo que ha ocasionado enfrentamientos, asesinatos, desapariciones, cobro de derecho de piso, reclutamiento forzado, quema de veh\u00edculos y constantes bloqueos carreteros.<\/p>\n\n\n\n<p>En tanto, la l\u00ednea de&nbsp;transportes R\u00e1pidos del Sur suspendi\u00f3 las corridas de Cintalapa hacia varios puntos de Chiapas, luego de una de sus unidades fue presuntamente incendiada el mi\u00e9rcoles en el municipio de Ocozocoautla.<\/p>\n\n\n\n<p>(Informaci\u00f3n de \u201cLa Jornada\u201d)<\/p>\n","protected":false},"excerpt":{"rendered":"<p>Redacci\u00f3n\/Zona Roja Cdmx. Ciudad de M\u00e9xico, a 22 de marzo de 2024.- Marco Antonio Alvear&hellip;<\/p>\n","protected":false},"author":2,"featured_media":18319,"comment_status":"closed","ping_status":"open","sticky":false,"template":"","format":"standard","meta":{"_lmt_disableupdate":"","_lmt_disable":"","_jetpack_memberships_contains_paid_content":false,"footnotes":""},"categories":[109,51],"tags":[1746],"class_list":["post-66515","post","type-post","status-publish","format-standard","has-post-thumbnail","hentry","category-minuto-a-minuto","category-zona-roja","tag-violencia-en-mexico"],"jetpack_featured_media_url":"https:\/\/zonaroja.com.mx\/wp-content\/uploads\/2020\/10\/Escena-del-crimen3.jpg","jetpack_sharing_enabled":true,"_links":{"self":[{"href":"https:\/\/zonaroja.com.mx\/index.php?rest_route=\/wp\/v2\/posts\/66515","targetHints":{"allow":["GET"]}}],"collection":[{"href":"https:\/\/zonaroja.com.mx\/index.php?rest_route=\/wp\/v2\/posts"}],"about":[{"href":"https:\/\/zonaroja.com.mx\/index.php?rest_route=\/wp\/v2\/types\/post"}],"author":[{"embeddable":true,"href":"https:\/\/zonaroja.com.mx\/index.php?rest_route=\/wp\/v2\/users\/2"}],"replies":[{"embeddable":true,"href":"https:\/\/zonaroja.com.mx\/index.php?rest_route=%2Fwp%2Fv2%2Fcomments&post=66515"}],"version-history":[{"count":1,"href":"https:\/\/zonaroja.com.mx\/index.php?rest_route=\/wp\/v2\/posts\/66515\/revisions"}],"predecessor-version":[{"id":66516,"href":"https:\/\/zonaroja.com.mx\/index.php?rest_route=\/wp\/v2\/posts\/66515\/revisions\/66516"}],"wp:featuredmedia":[{"embeddable":true,"href":"https:\/\/zonaroja.com.mx\/index.php?rest_route=\/wp\/v2\/media\/18319"}],"wp:attachment":[{"href":"https:\/\/zonaroja.com.mx\/index.php?rest_route=%2Fwp%2Fv2%2Fmedia&parent=66515"}],"wp:term":[{"taxonomy":"category","embeddable":true,"href":"https:\/\/zonaroja.com.mx\/index.php?rest_route=%2Fwp%2Fv2%2Fcategories&post=66515"},{"taxonomy":"post_tag","embeddable":true,"href":"https:\/\/zonaroja.com.mx\/index.php?rest_route=%2Fwp%2Fv2%2Ftags&post=66515"}],"curies":[{"name":"wp","href":"https:\/\/api.w.org\/{rel}","templated":true}]}}