{"id":66534,"date":"2024-03-22T19:19:58","date_gmt":"2024-03-23T01:19:58","guid":{"rendered":"http:\/\/www.zonaroja.com.mx\/?p=66534"},"modified":"2024-03-22T19:19:59","modified_gmt":"2024-03-23T01:19:59","slug":"en-un-mes-suben-feminicidios-y-delitos-sexuales-en-oaxaca-sesnsp","status":"publish","type":"post","link":"https:\/\/zonaroja.com.mx\/?p=66534","title":{"rendered":"En un mes, suben feminicidios y delitos sexuales en Oaxaca: SESNSP"},"content":{"rendered":"\n<p>Yuridiana Sosa\/Zona Roja.<\/p>\n\n\n\n<p>Oaxaca de Ju\u00e1rez, Oax., 22 de marzo de 2024.- Durante febrero, Oaxaca registr\u00f3 un incremento en los delitos de feminicidios y contra la libertad y seguridad sexual en comparaci\u00f3n al mes de enero, report\u00f3 el Secretariado Ejecutivo del Sistema Nacional de Seguridad P\u00fablica.<\/p>\n\n\n\n<p>De acuerdo con el reporte, sobre las carpetas de investigaciones iniciadas, en febrero se registr\u00f3 un feminicidio, mientras que en enero, ninguno; sin embargo, representan un descenso importante en comparaci\u00f3n al 2023, que acumul\u00f3 15 en el primer bimestre.<\/p>\n\n\n\n<p>Sobre el total de delitos contra la libertad y seguridad sexual entre enero y febrero, la cifra pas\u00f3 de 117 a 135, con un total de 283 en dos meses.<\/p>\n\n\n\n<p>Por abuso sexual, las carpetas pasaron de 39 a 44 casos, alcanzado los 83 hechos oficiales; el acoso sexual subi\u00f3 de 14 a 28, con un total de 42; por hostigamiento sexual, de cuatro a cinco con un total de nueve.<\/p>\n\n\n\n<p>En el caso de violaci\u00f3n equiparada, de 19 a 28, con un total de 47 en el bienio; y por violaci\u00f3n simple, el \u00fanico que descendi\u00f3, de 38 a 31, con un acumulado de 69 en enero y febrero.<\/p>\n\n\n\n<p>En comparaci\u00f3n al 2023, con 283 hechos, el total de delitos represent\u00f3 una disminuci\u00f3n, a su vez, los delitos que se quedaron con las mismas cifras entre cada periodo fueron el acoso sexual y el hostigamiento sexual.<\/p>\n","protected":false},"excerpt":{"rendered":"<p>Yuridiana Sosa\/Zona Roja. Oaxaca de Ju\u00e1rez, Oax., 22 de marzo de 2024.- Durante febrero, Oaxaca&hellip;<\/p>\n","protected":false},"author":2,"featured_media":52578,"comment_status":"closed","ping_status":"open","sticky":false,"template":"","format":"standard","meta":{"_lmt_disableupdate":"","_lmt_disable":"","_jetpack_memberships_contains_paid_content":false,"footnotes":""},"categories":[109,47],"tags":[610],"class_list":["post-66534","post","type-post","status-publish","format-standard","has-post-thumbnail","hentry","category-minuto-a-minuto","category-zona-gris","tag-feminicidios-oaxaca"],"jetpack_featured_media_url":"https:\/\/zonaroja.com.mx\/wp-content\/uploads\/2023\/03\/Feminicidios-violencia-Oaxaca-feministas-3-Consorcio.jpeg","jetpack_sharing_enabled":true,"_links":{"self":[{"href":"https:\/\/zonaroja.com.mx\/index.php?rest_route=\/wp\/v2\/posts\/66534","targetHints":{"allow":["GET"]}}],"collection":[{"href":"https:\/\/zonaroja.com.mx\/index.php?rest_route=\/wp\/v2\/posts"}],"about":[{"href":"https:\/\/zonaroja.com.mx\/index.php?rest_route=\/wp\/v2\/types\/post"}],"author":[{"embeddable":true,"href":"https:\/\/zonaroja.com.mx\/index.php?rest_route=\/wp\/v2\/users\/2"}],"replies":[{"embeddable":true,"href":"https:\/\/zonaroja.com.mx\/index.php?rest_route=%2Fwp%2Fv2%2Fcomments&post=66534"}],"version-history":[{"count":1,"href":"https:\/\/zonaroja.com.mx\/index.php?rest_route=\/wp\/v2\/posts\/66534\/revisions"}],"predecessor-version":[{"id":66535,"href":"https:\/\/zonaroja.com.mx\/index.php?rest_route=\/wp\/v2\/posts\/66534\/revisions\/66535"}],"wp:featuredmedia":[{"embeddable":true,"href":"https:\/\/zonaroja.com.mx\/index.php?rest_route=\/wp\/v2\/media\/52578"}],"wp:attachment":[{"href":"https:\/\/zonaroja.com.mx\/index.php?rest_route=%2Fwp%2Fv2%2Fmedia&parent=66534"}],"wp:term":[{"taxonomy":"category","embeddable":true,"href":"https:\/\/zonaroja.com.mx\/index.php?rest_route=%2Fwp%2Fv2%2Fcategories&post=66534"},{"taxonomy":"post_tag","embeddable":true,"href":"https:\/\/zonaroja.com.mx\/index.php?rest_route=%2Fwp%2Fv2%2Ftags&post=66534"}],"curies":[{"name":"wp","href":"https:\/\/api.w.org\/{rel}","templated":true}]}}