{"id":66536,"date":"2024-03-22T20:30:37","date_gmt":"2024-03-23T02:30:37","guid":{"rendered":"http:\/\/www.zonaroja.com.mx\/?p=66536"},"modified":"2024-03-22T20:30:38","modified_gmt":"2024-03-23T02:30:38","slug":"accidentes-carreteros-en-oaxaca-dejan-10-muertos-en-24-horas","status":"publish","type":"post","link":"https:\/\/zonaroja.com.mx\/?p=66536","title":{"rendered":"Accidentes carreteros en Oaxaca dejan 10 muertos en 24 horas\u00a0"},"content":{"rendered":"\n<p>Ismael Garc\u00eda M.\/Zona Roja.<\/p>\n\n\n\n<p>Oaxaca de Ju\u00e1rez, Oax., a 22 de marzo de 2024.- A unos d\u00edas de la Semana Santa, en Oaxaca han fallecido al menos 10 personas a causa de tres accidentes carreteros, ocurridos en un lapso de 24 horas.<\/p>\n\n\n\n<p>El m\u00e1s reciente hecho ocurri\u00f3 este viernes por la tarde, en la v\u00eda Trans\u00edstmica, regi\u00f3n del Istmo, tramo Palomares, Mat\u00edas Romero-Tolosita, a la altura del entronque a la localidad Otilio Monta\u00f1o.<\/p>\n\n\n\n<p>El conductor de un tr\u00e1iler presuntamente arroll\u00f3 una motocicleta en que viajaban dos personas del sexo masculino, que perdieron la vida al instante.<\/p>\n\n\n\n<p>Anoche, en la carretera federal 131 Oaxaca-Puerto Escondido, a la altura del kil\u00f3metro 126+200, jurisdicci\u00f3n del municipio Villa de Sola de Vega, un veh\u00edculo particular cay\u00f3 a un barranco de unos 60 metros.<\/p>\n\n\n\n<p>Se trata de una unidad de motor marca Toyota, con placas de circulaci\u00f3n L15-BAEI de la Ciudad de M\u00e9xico y tras las labores de rescate, se hallaron tres cuerpos sin vida, de personas del sexo femenino.<\/p>\n\n\n\n<p>Al parecer son peregrinos que hab\u00edan acudido al centro religioso de Santa Catarina Juquila; a\u00fan se desconocen los motivos del percance.<\/p>\n\n\n\n<p>Mientras que ayer cerca de las siete de la ma\u00f1ana, en la carretera federal 175 Oaxaca-Tuxtepec, a la altura del kil\u00f3metro 153, jurisdicci\u00f3n de Ixtl\u00e1n de Ju\u00e1rez.<\/p>\n\n\n\n<p>Un cami\u00f3n de carga de madera cay\u00f3 a un barranco de unos 150 metros y durante lo cual murieron cinco personas.<\/p>\n\n\n\n<p>La mayor\u00eda era originaria de San Juan Bautista Tuxtepec e identificadas como Alexander R. G., Ignacio A., Guillermo V. U., Uriel U. y Ricardo \u201cN\u201d.&nbsp;<\/p>\n\n\n\n<p>Hasta el momento tampoco se conocen las causas que originaron el fatal accidente.<\/p>\n\n\n\n<p>Tambi\u00e9n, en las \u00faltimas 24 horas, han ocurrido unos cinco accidentes viales m\u00e1s, uno de los cuales ocurri\u00f3 en la carretera Oaxaca-Istmo, a la altura de San Francisco Lachigol\u00f3, donde un motociclista choc\u00f3 con un veh\u00edculo particular.<\/p>\n","protected":false},"excerpt":{"rendered":"<p>Ismael Garc\u00eda M.\/Zona Roja. Oaxaca de Ju\u00e1rez, Oax., a 22 de marzo de 2024.- A&hellip;<\/p>\n","protected":false},"author":2,"featured_media":66537,"comment_status":"closed","ping_status":"open","sticky":false,"template":"","format":"standard","meta":{"_lmt_disableupdate":"","_lmt_disable":"","_jetpack_memberships_contains_paid_content":false,"footnotes":""},"categories":[109,47],"tags":[3416],"class_list":["post-66536","post","type-post","status-publish","format-standard","has-post-thumbnail","hentry","category-minuto-a-minuto","category-zona-gris","tag-accidentes-carreteros-oaxaca"],"jetpack_featured_media_url":"https:\/\/zonaroja.com.mx\/wp-content\/uploads\/2024\/03\/Accidentes-Oaxaca-carreteras.jpg","jetpack_sharing_enabled":true,"_links":{"self":[{"href":"https:\/\/zonaroja.com.mx\/index.php?rest_route=\/wp\/v2\/posts\/66536","targetHints":{"allow":["GET"]}}],"collection":[{"href":"https:\/\/zonaroja.com.mx\/index.php?rest_route=\/wp\/v2\/posts"}],"about":[{"href":"https:\/\/zonaroja.com.mx\/index.php?rest_route=\/wp\/v2\/types\/post"}],"author":[{"embeddable":true,"href":"https:\/\/zonaroja.com.mx\/index.php?rest_route=\/wp\/v2\/users\/2"}],"replies":[{"embeddable":true,"href":"https:\/\/zonaroja.com.mx\/index.php?rest_route=%2Fwp%2Fv2%2Fcomments&post=66536"}],"version-history":[{"count":1,"href":"https:\/\/zonaroja.com.mx\/index.php?rest_route=\/wp\/v2\/posts\/66536\/revisions"}],"predecessor-version":[{"id":66538,"href":"https:\/\/zonaroja.com.mx\/index.php?rest_route=\/wp\/v2\/posts\/66536\/revisions\/66538"}],"wp:featuredmedia":[{"embeddable":true,"href":"https:\/\/zonaroja.com.mx\/index.php?rest_route=\/wp\/v2\/media\/66537"}],"wp:attachment":[{"href":"https:\/\/zonaroja.com.mx\/index.php?rest_route=%2Fwp%2Fv2%2Fmedia&parent=66536"}],"wp:term":[{"taxonomy":"category","embeddable":true,"href":"https:\/\/zonaroja.com.mx\/index.php?rest_route=%2Fwp%2Fv2%2Fcategories&post=66536"},{"taxonomy":"post_tag","embeddable":true,"href":"https:\/\/zonaroja.com.mx\/index.php?rest_route=%2Fwp%2Fv2%2Ftags&post=66536"}],"curies":[{"name":"wp","href":"https:\/\/api.w.org\/{rel}","templated":true}]}}