{"id":66539,"date":"2024-03-22T21:17:21","date_gmt":"2024-03-23T03:17:21","guid":{"rendered":"http:\/\/www.zonaroja.com.mx\/?p=66539"},"modified":"2024-03-22T21:17:22","modified_gmt":"2024-03-23T03:17:22","slug":"narcoterror-en-mexico-secuestran-a-unas-50-personas-en-sinaloa","status":"publish","type":"post","link":"https:\/\/zonaroja.com.mx\/?p=66539","title":{"rendered":"\u201cNarcoterror\u201d en M\u00e9xico: secuestran a unas 50 personas en Sinaloa"},"content":{"rendered":"\n<p>Redacci\u00f3n\/Zona Roja Cdmx.<\/p>\n\n\n\n<p>Ciudad de M\u00e9xico, a 22 de marzo de 2024.- Las autoridades mexicanas investigan el presunto secuestro de al menos 50 personas este viernes en la ciudad de Culiac\u00e1n (noroeste), informaron fuentes oficiales.<\/p>\n\n\n\n<p>Un aproximado de 50 personas fueron privadas de la libertad en Culiac\u00e1n, que integran 11 familias con asentamientos en distintos puntos de la capital sinaloense, adem\u00e1s una familia m\u00e1s est\u00e1 por confirmarse.<\/p>\n\n\n\n<p>Hasta el momento no se ha dado a conocer si las familias est\u00e1n relacionadas entre s\u00ed.<\/p>\n\n\n\n<p>\u00abHay elementos de relativa certeza de que esto s\u00ed ocurri\u00f3, pero necesitamos comprobar\u00bb, declar\u00f3 a reporteros el gobernador estatal, Rub\u00e9n Rocha, al mencionar denuncias de 15 casos.<\/p>\n\n\n\n<p>Entre los secuestrados habr\u00eda al menos nueve menores de edad, entre ni\u00f1os y adolescentes.<\/p>\n\n\n\n<p>Seg\u00fan Gerardo M\u00e9rida, secretario de Seguridad de Sinaloa, los secuestros habr\u00edan ocurrido en varias viviendas de un barrio obrero y fueron reportados a trav\u00e9s de llamadas realizadas desde la madrugada a una l\u00ednea de atenci\u00f3n de emergencias.<\/p>\n\n\n\n<p>Efectivos del Ej\u00e9rcito, la Guardia Nacional, la polic\u00eda estatal y la Fiscal\u00eda fueron desplegados en el sector para verificar las denuncias, dijo M\u00e9rida a periodistas, e indic\u00f3 que las v\u00edctimas pertenecer\u00edan a por lo menos tres familias y hab\u00eda entre cinco y siete menores de edad.<\/p>\n\n\n\n<p>\u00abEn total son 15 personas. Es el dato que tenemos preliminar\u00bb, indic\u00f3 el funcionario, quien detall\u00f3 que en el \u00e1rea donde se produjo la incursi\u00f3n vive \u00abgente de nivel medio para abajo\u00bb.<\/p>\n\n\n\n<p>Un reporte de la secretar\u00eda de Seguridad al que tuvo acceso un colaborador de la AFP se\u00f1ala que -seg\u00fan testigos- los secuestradores arribaron en camionetas con armas largas y cortas, y realizaron disparos al aire.<\/p>\n\n\n\n<p>Estaban encapuchados y vest\u00edan de negro, a\u00f1adi\u00f3 el parte, seg\u00fan el cual uno de los denunciantes inform\u00f3 que \u00abescuchaba los gritos de la familia solicitando auxilio\u201d.<\/p>\n\n\n\n<p>ESTADO VIOLENTO<\/p>\n\n\n\n<p>Medios de Sinaloa aseguran que las personas raptadas pertenecer\u00edan a siete familias de diferentes barrios de Culiac\u00e1n.<\/p>\n\n\n\n<p>El gobernador llam\u00f3 a la poblaci\u00f3n a no dejarse atemorizar y sostuvo que la incursi\u00f3n se habr\u00eda extendido a otros municipios.<\/p>\n\n\n\n<p>Culiac\u00e1n ha sido escenario de violentas asonadas del c\u00e1rtel de Sinaloa en octubre de 2019, durante el fallido arresto de Ovidio Guzm\u00e1n, hijo de Joaqu\u00edn \u00abChapo\u00bb Guzm\u00e1n, y en enero de 2023 cuando el heredero del capo fue finalmente capturado.<\/p>\n\n\n\n<p>\u00abSon cosas que lamentablemente ocurren. La autoridad no est\u00e1 de ninguna manera rebasada\u00bb, matiz\u00f3 Rocha.<\/p>\n\n\n\n<p>El posible secuestro masivo se produce un d\u00eda despu\u00e9s de que tres personas murieran durante un enfrentamiento armado en la localidad de Badiraguato, cuna del \u00abChapo\u00bb Guzm\u00e1n, quien purga cadena perpetua en Estados Unidos por narcotr\u00e1fico y lavado de activos.<\/p>\n\n\n\n<p>\u00abNo tenemos conocimiento si (el presunto secuestro) tiene relaci\u00f3n con los hechos de ayer\u00bb en Badiraguato, coment\u00f3 el secretario de Seguridad.<\/p>\n\n\n\n<p>M\u00e9xico sufre cotidianamente los embates del crimen organizado con matanzas, secuestros y desapariciones forzadas.<\/p>\n\n\n\n<p>Seg\u00fan cifras oficiales, el pa\u00eds acumula unos 450 mil asesinatos y m\u00e1s de 100 mil desaparecidos desde 2006, cuando el gobierno declar\u00f3 una guerra abierta al narcotr\u00e1fico con participaci\u00f3n de los militares.<\/p>\n\n\n\n<p>(Informaci\u00f3n de la agencia AFP en \u201cLa Jornada\u201d)<\/p>\n","protected":false},"excerpt":{"rendered":"<p>Redacci\u00f3n\/Zona Roja Cdmx. Ciudad de M\u00e9xico, a 22 de marzo de 2024.- Las autoridades mexicanas&hellip;<\/p>\n","protected":false},"author":2,"featured_media":66540,"comment_status":"closed","ping_status":"open","sticky":false,"template":"","format":"standard","meta":{"_lmt_disableupdate":"","_lmt_disable":"","_jetpack_memberships_contains_paid_content":false,"footnotes":""},"categories":[109,47],"tags":[1335],"class_list":["post-66539","post","type-post","status-publish","format-standard","has-post-thumbnail","hentry","category-minuto-a-minuto","category-zona-gris","tag-culiacan-sinaloa"],"jetpack_featured_media_url":"https:\/\/zonaroja.com.mx\/wp-content\/uploads\/2024\/03\/Culiacan-Sinaloa.jpeg","jetpack_sharing_enabled":true,"_links":{"self":[{"href":"https:\/\/zonaroja.com.mx\/index.php?rest_route=\/wp\/v2\/posts\/66539","targetHints":{"allow":["GET"]}}],"collection":[{"href":"https:\/\/zonaroja.com.mx\/index.php?rest_route=\/wp\/v2\/posts"}],"about":[{"href":"https:\/\/zonaroja.com.mx\/index.php?rest_route=\/wp\/v2\/types\/post"}],"author":[{"embeddable":true,"href":"https:\/\/zonaroja.com.mx\/index.php?rest_route=\/wp\/v2\/users\/2"}],"replies":[{"embeddable":true,"href":"https:\/\/zonaroja.com.mx\/index.php?rest_route=%2Fwp%2Fv2%2Fcomments&post=66539"}],"version-history":[{"count":1,"href":"https:\/\/zonaroja.com.mx\/index.php?rest_route=\/wp\/v2\/posts\/66539\/revisions"}],"predecessor-version":[{"id":66541,"href":"https:\/\/zonaroja.com.mx\/index.php?rest_route=\/wp\/v2\/posts\/66539\/revisions\/66541"}],"wp:featuredmedia":[{"embeddable":true,"href":"https:\/\/zonaroja.com.mx\/index.php?rest_route=\/wp\/v2\/media\/66540"}],"wp:attachment":[{"href":"https:\/\/zonaroja.com.mx\/index.php?rest_route=%2Fwp%2Fv2%2Fmedia&parent=66539"}],"wp:term":[{"taxonomy":"category","embeddable":true,"href":"https:\/\/zonaroja.com.mx\/index.php?rest_route=%2Fwp%2Fv2%2Fcategories&post=66539"},{"taxonomy":"post_tag","embeddable":true,"href":"https:\/\/zonaroja.com.mx\/index.php?rest_route=%2Fwp%2Fv2%2Ftags&post=66539"}],"curies":[{"name":"wp","href":"https:\/\/api.w.org\/{rel}","templated":true}]}}