{"id":66542,"date":"2024-03-23T06:53:33","date_gmt":"2024-03-23T12:53:33","guid":{"rendered":"http:\/\/www.zonaroja.com.mx\/?p=66542"},"modified":"2024-03-23T06:53:35","modified_gmt":"2024-03-23T12:53:35","slug":"registra-pochutla-oaxaca-dos-crimenes-en-dos-dias","status":"publish","type":"post","link":"https:\/\/zonaroja.com.mx\/?p=66542","title":{"rendered":"Registra Pochutla, Oaxaca, dos cr\u00edmenes en dos d\u00edas\u00a0"},"content":{"rendered":"\n<p>Raymundo Morales\/Zona Roja.<\/p>\n\n\n\n<p>Oaxaca de Ju\u00e1rez, Oax., a 23 de marzo de 2024.- En un lapso de 48 horas, dos personas fueron asesinadas a balazos en San Pedro Pochutla, municipio de la regi\u00f3n Costa y de la que fue presidenta municipal la actual secretaria de Turismo, Saymi Pineda.<\/p>\n\n\n\n<p>El m\u00e1s reciente ataque se perpetr\u00f3 la ma\u00f1ana de ayer, en la calle principal del barrio Cuarta Secci\u00f3n, donde fue localizado el cuerpo sin vida, de quien fue identificado como No\u00e9 P. H., de 58 a\u00f1os de edad.<\/p>\n\n\n\n<p>La v\u00edctima presentaba varios impactos de arma de fuego en el cuerpo y la cabeza; era comerciante propietario de un bar en el mismo barrio pero, seg\u00fan sus familiares, no ten\u00eda conflictos con nadie.<\/p>\n\n\n\n<p>Elementos de la polic\u00eda municipal s\u00f3lo llegaron al lugar para resguardar la escena del crimen, pero no reportan ninguna detenci\u00f3n.<\/p>\n\n\n\n<p>Apenas la noche del mi\u00e9rcoles, otro individuo fue atacado y ultimado a balazos en su domicilio ubicado en el barrio Primera Secci\u00f3n.<\/p>\n\n\n\n<p>El hoy occiso fue conocido en vida como Israel G. H. y hasta el momento no se cuenta con mayor informaci\u00f3n acerca de los motivos por los cuales fue ultimado.<\/p>\n\n\n\n<p>La Fiscal\u00eda General del Estado de Oaxaca, a trav\u00e9s de la Vicefiscal\u00eda Regional de la Costa, inici\u00f3 las indagatorias correspondientes.<\/p>\n","protected":false},"excerpt":{"rendered":"<p>Raymundo Morales\/Zona Roja. Oaxaca de Ju\u00e1rez, Oax., a 23 de marzo de 2024.- En un&hellip;<\/p>\n","protected":false},"author":2,"featured_media":66543,"comment_status":"closed","ping_status":"open","sticky":false,"template":"","format":"standard","meta":{"_lmt_disableupdate":"","_lmt_disable":"","_jetpack_memberships_contains_paid_content":false,"footnotes":""},"categories":[109,51],"tags":[151],"class_list":["post-66542","post","type-post","status-publish","format-standard","has-post-thumbnail","hentry","category-minuto-a-minuto","category-zona-roja","tag-san-pedro-pochutla"],"jetpack_featured_media_url":"https:\/\/zonaroja.com.mx\/wp-content\/uploads\/2024\/03\/Asesinado-en-San-Pedro-Pochutla.jpg","jetpack_sharing_enabled":true,"_links":{"self":[{"href":"https:\/\/zonaroja.com.mx\/index.php?rest_route=\/wp\/v2\/posts\/66542","targetHints":{"allow":["GET"]}}],"collection":[{"href":"https:\/\/zonaroja.com.mx\/index.php?rest_route=\/wp\/v2\/posts"}],"about":[{"href":"https:\/\/zonaroja.com.mx\/index.php?rest_route=\/wp\/v2\/types\/post"}],"author":[{"embeddable":true,"href":"https:\/\/zonaroja.com.mx\/index.php?rest_route=\/wp\/v2\/users\/2"}],"replies":[{"embeddable":true,"href":"https:\/\/zonaroja.com.mx\/index.php?rest_route=%2Fwp%2Fv2%2Fcomments&post=66542"}],"version-history":[{"count":1,"href":"https:\/\/zonaroja.com.mx\/index.php?rest_route=\/wp\/v2\/posts\/66542\/revisions"}],"predecessor-version":[{"id":66544,"href":"https:\/\/zonaroja.com.mx\/index.php?rest_route=\/wp\/v2\/posts\/66542\/revisions\/66544"}],"wp:featuredmedia":[{"embeddable":true,"href":"https:\/\/zonaroja.com.mx\/index.php?rest_route=\/wp\/v2\/media\/66543"}],"wp:attachment":[{"href":"https:\/\/zonaroja.com.mx\/index.php?rest_route=%2Fwp%2Fv2%2Fmedia&parent=66542"}],"wp:term":[{"taxonomy":"category","embeddable":true,"href":"https:\/\/zonaroja.com.mx\/index.php?rest_route=%2Fwp%2Fv2%2Fcategories&post=66542"},{"taxonomy":"post_tag","embeddable":true,"href":"https:\/\/zonaroja.com.mx\/index.php?rest_route=%2Fwp%2Fv2%2Ftags&post=66542"}],"curies":[{"name":"wp","href":"https:\/\/api.w.org\/{rel}","templated":true}]}}