{"id":66545,"date":"2024-03-23T08:53:00","date_gmt":"2024-03-23T14:53:00","guid":{"rendered":"http:\/\/www.zonaroja.com.mx\/?p=66545"},"modified":"2024-03-23T06:57:42","modified_gmt":"2024-03-23T12:57:42","slug":"asciende-a-143-las-victimas-de-atentado-terrorista-en-moscu","status":"publish","type":"post","link":"https:\/\/zonaroja.com.mx\/?p=66545","title":{"rendered":"Asciende a 143 las v\u00edctimas de atentado terrorista en Mosc\u00fa"},"content":{"rendered":"\n<p>Redacci\u00f3n\/Zona Roja Cdmx.<\/p>\n\n\n\n<p>Ciudad de M\u00e9xico, a 23 de marzo de 2024.- Una ataque terrorista perpetrado por el Estado Isl\u00e1mico ocurri\u00f3 este viernes en la sala de conciertos Crocus City Hall, en Krasnogorsk, a las afueras de la capital de Rusia, Mosc\u00fa, que, seg\u00fan el balance provisorio, dej\u00f3 al menos 143 muertos, indic\u00f3 el Comit\u00e9 de Investigaci\u00f3n de la Federaci\u00f3n Rusa aunque se teme que la cifra a\u00fan podr\u00eda aumentar.<\/p>\n\n\n\n<p>\u201cLos servicios de emergencia han encontrado m\u00e1s cad\u00e1veres mientras retiraban los escombros. El n\u00famero de muertos asciende ahora a 143 personas\u201d, dijo en un comunicado el comit\u00e9.<\/p>\n\n\n\n<p>Videos compartidos en redes sociales muestran a la gente que estaba a la espera del inicio de un show del grupo Piknik huyendo del sal\u00f3n, as\u00ed como una densa nube de humo negro saliendo del sitio y se report\u00f3 tambi\u00e9n el colapso del techo del lugar. Inclusive, TASS sum\u00f3 que un tercio del edificio qued\u00f3 envuelto en llamas, aunque el fuego ya fue controlado.<\/p>\n\n\n\n<p>\u201cLos combatientes del Estado Isl\u00e1mico atacaron una gran agrupaci\u00f3n de cristianos en la ciudad de Krasnogorsk, en las afueras de la capital rusa, Mosc\u00fa, y mataron e hirieron a cientos de personas y causaron una gran destrucci\u00f3n en el lugar antes de retirarse a sus bases de manera segura\u201d, public\u00f3 la agencia Amaq, \u00f3rgano de propaganda del grupo, en Telegram. Este s\u00e1bado se cumple el quinto aniversario de la ca\u00edda del Califato tras la batalla de Baghuz.<\/p>\n\n\n\n<p>Im\u00e1genes difundidas muestran a cuatro personas vestidas con ropa de camuflaje, irrumpiendo en el lugar y abriendo fuego indiscriminadamente en el interior de la sala usando fusiles de asalto Kalashnikov. Otros videos muestran los cuerpos yaciendo en el suelo entre manchas de sangre. No obstante, servicios de emergencia no pudieron determinar a\u00fan si hubo m\u00e1s atacantes, por lo que se consideran hasta cinco tiradores podr\u00edan haber participado. En tanto, las fuerzas de seguridad siguen buscando a los perpetradores.<\/p>\n\n\n\n<p>Durante horas, se llev\u00f3 a cabo la evacuaci\u00f3n y, ahora, contin\u00faa la evaluaci\u00f3n del edificio. Al menos unas 100 personas salieron por el subsuelo del lugar mientras otras tantas fueron rescatadas del techo con equipos especiales para dicha altura.<\/p>\n\n\n\n<p>Dave Primov, presente en la sala, coment\u00f3 a Kommersant: \u201cFaltaban literalmente 10 minutos para el inicio del concierto, el 70% de toda la sala Crocus ya estaba reunida y escuchamos lo que pens\u00e9 que eran fuegos artificiales, en el lado izquierdo, en alg\u00fan lugar fuera del pasillo. Vimos c\u00f3mo una multitud de personas de abajo empezaban a moverse como r\u00edos y, entonces, nos dimos cuenta de que algo andaba mal. La gente empez\u00f3 a gritar y a correr y empezaron los disparos, s\u00f3lo r\u00e1fagas de ametralladora. Dispararon directamente a la multitud contra la gente\u201d.<\/p>\n\n\n\n<p>Un periodista de la agencia RIA Novosti sum\u00f3 que \u201ca las personas en la sala se las hizo acostarse en el suelo para protegerlas de los disparos durante 15 o 20 minutos\u201d y agreg\u00f3 que a gente empez\u00f3 a salir cuando ya no hab\u00eda peligro.<\/p>\n\n\n\n<p>El gobernador Andr\u00e9i Vorobiov lleg\u00f3 al lugar de los hechos poco despu\u00e9s de que se conociera la noticia y orden\u00f3 la creaci\u00f3n de una unidad de trabajo especial, que incluye a los efectivos del Escuadr\u00f3n Especial de Respuesta R\u00e1pida de la Guardia Nacional y los antidisturbios, para controlar la situaci\u00f3n. Tambi\u00e9n trabajan bomberos, asistidos por dos helic\u00f3pteros -uno de ellos un MI-26, de los m\u00e1s grandes del mundo-, y m\u00e1s de 70 ambulancias. En total, el Ministerio de Situaciones de Emergencia contabiliz\u00f3 320 personas y 130 equipos dedicados a esta tarea.<\/p>\n\n\n\n<p>(Informaci\u00f3n de Infobae M\u00e9xico)<\/p>\n","protected":false},"excerpt":{"rendered":"<p>Redacci\u00f3n\/Zona Roja Cdmx. Ciudad de M\u00e9xico, a 23 de marzo de 2024.- Una ataque terrorista&hellip;<\/p>\n","protected":false},"author":2,"featured_media":66546,"comment_status":"closed","ping_status":"open","sticky":false,"template":"","format":"standard","meta":{"_lmt_disableupdate":"","_lmt_disable":"","_jetpack_memberships_contains_paid_content":false,"footnotes":""},"categories":[109,51],"tags":[3881],"class_list":["post-66545","post","type-post","status-publish","format-standard","has-post-thumbnail","hentry","category-minuto-a-minuto","category-zona-roja","tag-atentdo-terrorista-moscu"],"jetpack_featured_media_url":"https:\/\/zonaroja.com.mx\/wp-content\/uploads\/2024\/03\/Atentado-terrorista-Moscu-Rusia.jpg","jetpack_sharing_enabled":true,"_links":{"self":[{"href":"https:\/\/zonaroja.com.mx\/index.php?rest_route=\/wp\/v2\/posts\/66545","targetHints":{"allow":["GET"]}}],"collection":[{"href":"https:\/\/zonaroja.com.mx\/index.php?rest_route=\/wp\/v2\/posts"}],"about":[{"href":"https:\/\/zonaroja.com.mx\/index.php?rest_route=\/wp\/v2\/types\/post"}],"author":[{"embeddable":true,"href":"https:\/\/zonaroja.com.mx\/index.php?rest_route=\/wp\/v2\/users\/2"}],"replies":[{"embeddable":true,"href":"https:\/\/zonaroja.com.mx\/index.php?rest_route=%2Fwp%2Fv2%2Fcomments&post=66545"}],"version-history":[{"count":1,"href":"https:\/\/zonaroja.com.mx\/index.php?rest_route=\/wp\/v2\/posts\/66545\/revisions"}],"predecessor-version":[{"id":66547,"href":"https:\/\/zonaroja.com.mx\/index.php?rest_route=\/wp\/v2\/posts\/66545\/revisions\/66547"}],"wp:featuredmedia":[{"embeddable":true,"href":"https:\/\/zonaroja.com.mx\/index.php?rest_route=\/wp\/v2\/media\/66546"}],"wp:attachment":[{"href":"https:\/\/zonaroja.com.mx\/index.php?rest_route=%2Fwp%2Fv2%2Fmedia&parent=66545"}],"wp:term":[{"taxonomy":"category","embeddable":true,"href":"https:\/\/zonaroja.com.mx\/index.php?rest_route=%2Fwp%2Fv2%2Fcategories&post=66545"},{"taxonomy":"post_tag","embeddable":true,"href":"https:\/\/zonaroja.com.mx\/index.php?rest_route=%2Fwp%2Fv2%2Ftags&post=66545"}],"curies":[{"name":"wp","href":"https:\/\/api.w.org\/{rel}","templated":true}]}}