{"id":66548,"date":"2024-03-23T09:57:00","date_gmt":"2024-03-23T15:57:00","guid":{"rendered":"http:\/\/www.zonaroja.com.mx\/?p=66548"},"modified":"2024-03-23T07:18:36","modified_gmt":"2024-03-23T13:18:36","slug":"denuncian-probable-intencion-de-mas-registro-de-personas-ajenas-a-discapacidad","status":"publish","type":"post","link":"https:\/\/zonaroja.com.mx\/?p=66548","title":{"rendered":"Denuncian probable intenci\u00f3n de m\u00e1s registro de personas ajenas a discapacidad"},"content":{"rendered":"\n<p>Yuridiana Sosa\/Zona Roja.<\/p>\n\n\n\n<p>Oaxaca de Ju\u00e1rez, Oax., 23 de marzo de 2024.- Luego que la coalici\u00f3n \u201cSigamos haciendo historia\u201d intentara postular como persona con discapacidad a la diputada del PVEM, Gabriela P\u00e9rez, sin ser parte de este sector para contender por una diputaci\u00f3n, el \u00a0activista y abogado Edgar Cruz Lujan advirti\u00f3 que presuntamente otros partidos intentan hacer lo mismo.<\/p>\n\n\n\n<p>En entrevista para Radio Universidad, el Coordinador del Centro para Ciegos Oaxaca se\u00f1al\u00f3 que ante cualquier acto que cualquier partido pol\u00edtico quiera realizar contra los derechos pol\u00edtico-electorales de las personas con discapacidad van a actuar para defender sus espacios.<\/p>\n\n\n\n<p>\u201cEsta lucha no es contra de un partido ni contra una persona en espec\u00edfico, esto es en contra de todos las que pretenden simular o usurpar los espacios para las personas con discapacidad, los cuales nos hemos ganado\u201d, apunt\u00f3.<\/p>\n\n\n\n<p>En seguimiento a los hechos, el defensor public\u00f3 este viernes preguntar\u00edan al Instituto Estatal Electoral y de Participaci\u00f3n Ciudadana de Oaxaca, qui\u00e9nes son las personas que todos los partidos pol\u00edticos y\/ o coaliciones que registraron como candidatos por acciones afirmativas.<\/p>\n\n\n\n<p>VIGILANTES Y ALERTAS<\/p>\n\n\n\n<p>Frente al cierre de los registros y que se oficialicen, apunt\u00f3 que estar\u00e1n vigilantes de todos los &nbsp;partidos y los candidatos &nbsp;hasta donde les alcancen sus capacidades t\u00e9cnicas y humanas.<\/p>\n\n\n\n<p>Incluso, Cruz Luj\u00e1n advirti\u00f3 de una ruta legal en contra de los m\u00e9dicos que otorguen certificados que avalen la discapacidad de alguien que no la tiene.<\/p>\n\n\n\n<p>\u201cEs grave, peligroso y violento\u201d expres\u00f3 en torno a la situaci\u00f3n que enfrenta este sector vulnerable luego de varios a\u00f1os de lucha para exigir su derecho a ser votados, y sea requisito de los partidos incluirlos.<\/p>\n\n\n\n<p>En tanto que asever\u00f3 que ser\u00eda un retroceso a los derechos pol\u00edticos, y hasta una derrota para los grupos vulnerables si las autoridades electorales permiten el registro de falsas discapacidades.<\/p>\n\n\n\n<p>\u201cDe una vez les digo. Que cueste lo que nos cueste, esta vez no nos vamos a dejar. Voy a hacer todo lo que est\u00e9 en mis manos para que nadie que realmente no sea una persona con discapacidad, no llegue a ning\u00fan cargo p\u00fablico postulada como persona con discapacidad. \u00a1Basta de simulaci\u00f3n y de usurpaci\u00f3n!\u201d, apunt\u00f3 el abogado en sus redes sociales.<\/p>\n","protected":false},"excerpt":{"rendered":"<p>Yuridiana Sosa\/Zona Roja. Oaxaca de Ju\u00e1rez, Oax., 23 de marzo de 2024.- Luego que la&hellip;<\/p>\n","protected":false},"author":2,"featured_media":66549,"comment_status":"closed","ping_status":"open","sticky":false,"template":"","format":"standard","meta":{"_lmt_disableupdate":"","_lmt_disable":"","_jetpack_memberships_contains_paid_content":false,"footnotes":""},"categories":[109,47],"tags":[3866],"class_list":["post-66548","post","type-post","status-publish","format-standard","has-post-thumbnail","hentry","category-minuto-a-minuto","category-zona-gris","tag-edgar-cruz-lujan"],"jetpack_featured_media_url":"https:\/\/zonaroja.com.mx\/wp-content\/uploads\/2024\/03\/Personas-con-discapacidad.jpg","jetpack_sharing_enabled":true,"_links":{"self":[{"href":"https:\/\/zonaroja.com.mx\/index.php?rest_route=\/wp\/v2\/posts\/66548","targetHints":{"allow":["GET"]}}],"collection":[{"href":"https:\/\/zonaroja.com.mx\/index.php?rest_route=\/wp\/v2\/posts"}],"about":[{"href":"https:\/\/zonaroja.com.mx\/index.php?rest_route=\/wp\/v2\/types\/post"}],"author":[{"embeddable":true,"href":"https:\/\/zonaroja.com.mx\/index.php?rest_route=\/wp\/v2\/users\/2"}],"replies":[{"embeddable":true,"href":"https:\/\/zonaroja.com.mx\/index.php?rest_route=%2Fwp%2Fv2%2Fcomments&post=66548"}],"version-history":[{"count":1,"href":"https:\/\/zonaroja.com.mx\/index.php?rest_route=\/wp\/v2\/posts\/66548\/revisions"}],"predecessor-version":[{"id":66550,"href":"https:\/\/zonaroja.com.mx\/index.php?rest_route=\/wp\/v2\/posts\/66548\/revisions\/66550"}],"wp:featuredmedia":[{"embeddable":true,"href":"https:\/\/zonaroja.com.mx\/index.php?rest_route=\/wp\/v2\/media\/66549"}],"wp:attachment":[{"href":"https:\/\/zonaroja.com.mx\/index.php?rest_route=%2Fwp%2Fv2%2Fmedia&parent=66548"}],"wp:term":[{"taxonomy":"category","embeddable":true,"href":"https:\/\/zonaroja.com.mx\/index.php?rest_route=%2Fwp%2Fv2%2Fcategories&post=66548"},{"taxonomy":"post_tag","embeddable":true,"href":"https:\/\/zonaroja.com.mx\/index.php?rest_route=%2Fwp%2Fv2%2Ftags&post=66548"}],"curies":[{"name":"wp","href":"https:\/\/api.w.org\/{rel}","templated":true}]}}