{"id":66551,"date":"2024-03-23T11:18:00","date_gmt":"2024-03-23T17:18:00","guid":{"rendered":"http:\/\/www.zonaroja.com.mx\/?p=66551"},"modified":"2024-03-23T07:22:47","modified_gmt":"2024-03-23T13:22:47","slug":"logra-fiscalia-de-oaxaca-sentencias-de-30-y-16-anos-contra-delincuentes","status":"publish","type":"post","link":"https:\/\/zonaroja.com.mx\/?p=66551","title":{"rendered":"Logra Fiscal\u00eda de Oaxaca sentencias de 30 y 16 a\u00f1os contra delincuentes"},"content":{"rendered":"\n<p>Redacci\u00f3n\/Zona Roja.&nbsp;<\/p>\n\n\n\n<p>Oaxaca de Ju\u00e1rez, Oax., a 23 de marzo de 2024.-&nbsp;La Fiscal\u00eda General del Estado de Oaxaca obtuvo una sentencia condenatoria de 30 a\u00f1os de prisi\u00f3n en contra de E.E.P.V., por su responsabilidad en la comisi\u00f3n de los delitos de trata de personas en su modalidad de captaci\u00f3n enganche y alojamiento, as\u00ed como por explotaci\u00f3n sexual en la modalidad de prostituci\u00f3n ajena, hechos ocurridos en Valles Centrales.<\/p>\n\n\n\n<p>De acuerdo con el expediente penal del caso, los hechos ocurrieron entre 2016 y 2017 cuando el imputado E.E.P.V.&nbsp; quien obligaba a la v\u00edctima identificada como B.L.H.M. a ejercer el trabajo sexual y entregarle las ganancias derivadas de esta actividad.<\/p>\n\n\n\n<p>Al tener conocimiento de estos hechos, la Fiscal\u00eda General del Estado de Oaxaca realiz\u00f3 las investigaciones correspondientes por medio de la Fiscal\u00eda Especializada en Delitos de Alto Impacto lo que permiti\u00f3 la detenci\u00f3n de E.E.P.V.<\/p>\n\n\n\n<p>El imputado qued\u00f3 a disposici\u00f3n del Juez que atienden la causa, quien luego de evaluar los datos de prueba aportados por la FGEO, dict\u00f3 sentencia condenatoria de 30 a\u00f1os de prisi\u00f3n en contra de E.E.P.V.&nbsp; por su responsabilidad en la comisi\u00f3n del delito de trata de personas en su modalidad de captaci\u00f3n, enganche y alojamiento, as\u00ed como el de explotaci\u00f3n sexual en la modalidad de prostituci\u00f3n ajena, adem\u00e1s le impuso el pago de una multa de 226 mil 470 pesos.<\/p>\n\n\n\n<p>DOS POR ROBO&nbsp;<\/p>\n\n\n\n<p>En otro caso y como parte de la estrategia para el combate al robo de veh\u00edculos en las regiones, la Fiscal\u00eda General del Estado obtuvo dos sentencias condenatorias que suman 16 a\u00f1os de prisi\u00f3n, en contra de los responsables por la comisi\u00f3n del delito de Robo Espec\u00edfico, cometido en la Mixteca.<\/p>\n\n\n\n<p>De acuerdo al expediente penal, el primero de los casos ocurri\u00f3 el 13 de enero del 2021, sobre un camino de terracer\u00eda, en la poblaci\u00f3n de Rancho Dolores del municipio de Huajuapan de Le\u00f3n, donde los imputados W.R.R., junto a otras personas, despojaron a la v\u00edctima de un veh\u00edculo de motor.<\/p>\n\n\n\n<p>La FGEO atrajo el caso a trav\u00e9s de la Vicefiscal\u00eda Regional de la Mixteca, que inici\u00f3 las investigaciones correspondientes por las cuales se logr\u00f3 la aprehensi\u00f3n de W. R. R., quien fue puesto a disposici\u00f3n del Juez que atiende la causa quien, luego de evaluar los datos de prueba aportados por el Ministerio P\u00fablico, dict\u00f3 la pena de 10 a\u00f1os de prisi\u00f3n y una multa por reparaci\u00f3n del da\u00f1o, por el delito de Robo Especifico con la agravante de Pandilla.<\/p>\n\n\n\n<p>Mientras que, el segundo caso, sucedi\u00f3 el 16 de noviembre de 2020, cuando la v\u00edctima circulaba a bordo de una motocicleta sobre la carretera de terracer\u00eda 23 de Julio de la colonia Ermita en inmediaciones del Libramiento de la carretera Norte de Huajuapan de Le\u00f3n, donde el imputado N.R.P le quit\u00f3 con violencia su unidad de motor.<\/p>\n\n\n\n<p>Al tener conocimiento de los hechos, la FGEO inici\u00f3 las investigaciones correspondientes, las cuales les permitieron aprehender y presentar al imputado ante el juez, quien impuso la pena de seis a\u00f1os y ocho meses de prisi\u00f3n, por la comisi\u00f3n del delito de Robo Espec\u00edfico con Violencia Moral a las Personas.<\/p>\n\n\n\n<p>DETENIDO POR DELITO SEXUAL<\/p>\n\n\n\n<p>Por otra parte, personal ministerial de la Fiscal\u00eda General ejecut\u00f3 una orden de aprehensi\u00f3n en contra de una persona del sexo masculino identificada como A.S.S., por el delito de violaci\u00f3n agravada y abuso sexual agravado cometido contra una menor de edad, en la regi\u00f3n de la Costa.<\/p>\n\n\n\n<p>De acuerdo con el expediente penal, los hechos sucedieron en marzo de 2024, cuando la v\u00edctima (una ni\u00f1a cuya identidad est\u00e1 reservada por ley), se encontraba en un domicilio ubicado en el Barrio de Benito Ju\u00e1rez de San Juan Lachao Nuevo del distrito de Juquila.<\/p>\n\n\n\n<p>En ese momento, la v\u00edctima sufri\u00f3 una agresi\u00f3n, conducta que, de acuerdo con el C\u00f3digo Penal Vigente en el Estado de Oaxaca se configura como los delitos de violaci\u00f3n agravada y abuso sexual agravado.<\/p>\n\n\n\n<p>Cuando la instancia procuradora de justicia tom\u00f3 conocimiento del caso, inici\u00f3 las investigaciones correspondientes y ejecut\u00f3 la orden de aprehensi\u00f3n que permiti\u00f3 la detenci\u00f3n de A.S.S., quien fue puesto a disposici\u00f3n de la autoridad ministerial correspondiente para que se determine su situaci\u00f3n jur\u00eddica.<\/p>\n\n\n\n<p>La Fiscal\u00eda del Estado de Oaxaca refrenda su compromiso de brindar una atenci\u00f3n integral a las v\u00edctimas, especialmente cuando se trata de delitos cometidos en contra de ni\u00f1as, ni\u00f1os y adolescentes a efecto de garantizar el derecho a tener una vida libre de violencia.<\/p>\n","protected":false},"excerpt":{"rendered":"<p>Redacci\u00f3n\/Zona Roja.&nbsp; Oaxaca de Ju\u00e1rez, Oax., a 23 de marzo de 2024.-&nbsp;La Fiscal\u00eda General del&hellip;<\/p>\n","protected":false},"author":2,"featured_media":63402,"comment_status":"closed","ping_status":"open","sticky":false,"template":"","format":"standard","meta":{"_lmt_disableupdate":"","_lmt_disable":"","_jetpack_memberships_contains_paid_content":false,"footnotes":""},"categories":[109,46],"tags":[494],"class_list":["post-66551","post","type-post","status-publish","format-standard","has-post-thumbnail","hentry","category-minuto-a-minuto","category-zona-blanca","tag-fiscalia-general-del-estado-de-oaxaca"],"jetpack_featured_media_url":"https:\/\/zonaroja.com.mx\/wp-content\/uploads\/2023\/12\/Foto-Jueza.jpeg","jetpack_sharing_enabled":true,"_links":{"self":[{"href":"https:\/\/zonaroja.com.mx\/index.php?rest_route=\/wp\/v2\/posts\/66551","targetHints":{"allow":["GET"]}}],"collection":[{"href":"https:\/\/zonaroja.com.mx\/index.php?rest_route=\/wp\/v2\/posts"}],"about":[{"href":"https:\/\/zonaroja.com.mx\/index.php?rest_route=\/wp\/v2\/types\/post"}],"author":[{"embeddable":true,"href":"https:\/\/zonaroja.com.mx\/index.php?rest_route=\/wp\/v2\/users\/2"}],"replies":[{"embeddable":true,"href":"https:\/\/zonaroja.com.mx\/index.php?rest_route=%2Fwp%2Fv2%2Fcomments&post=66551"}],"version-history":[{"count":1,"href":"https:\/\/zonaroja.com.mx\/index.php?rest_route=\/wp\/v2\/posts\/66551\/revisions"}],"predecessor-version":[{"id":66552,"href":"https:\/\/zonaroja.com.mx\/index.php?rest_route=\/wp\/v2\/posts\/66551\/revisions\/66552"}],"wp:featuredmedia":[{"embeddable":true,"href":"https:\/\/zonaroja.com.mx\/index.php?rest_route=\/wp\/v2\/media\/63402"}],"wp:attachment":[{"href":"https:\/\/zonaroja.com.mx\/index.php?rest_route=%2Fwp%2Fv2%2Fmedia&parent=66551"}],"wp:term":[{"taxonomy":"category","embeddable":true,"href":"https:\/\/zonaroja.com.mx\/index.php?rest_route=%2Fwp%2Fv2%2Fcategories&post=66551"},{"taxonomy":"post_tag","embeddable":true,"href":"https:\/\/zonaroja.com.mx\/index.php?rest_route=%2Fwp%2Fv2%2Ftags&post=66551"}],"curies":[{"name":"wp","href":"https:\/\/api.w.org\/{rel}","templated":true}]}}