{"id":66553,"date":"2024-03-23T12:00:00","date_gmt":"2024-03-23T18:00:00","guid":{"rendered":"http:\/\/www.zonaroja.com.mx\/?p=66553"},"modified":"2024-03-23T07:27:57","modified_gmt":"2024-03-23T13:27:57","slug":"familiares-de-jovenes-mixes-desaparecidos-en-sonora-iniciaran-busqueda-en-ese-estado","status":"publish","type":"post","link":"https:\/\/zonaroja.com.mx\/?p=66553","title":{"rendered":"Familiares de j\u00f3venes mixes desaparecidos en Sonora iniciar\u00e1n b\u00fasqueda en ese estado"},"content":{"rendered":"\n<p>Yuridiana Sosa\/Zona Roja.<\/p>\n\n\n\n<p>Oaxaca de Ju\u00e1rez, Oax., a 23 de marzo de 2024.- A m\u00e1s de dos semanas de desconocer el paraderos de Leobardo L\u00f3pez y Jacobo L\u00f3pez, que desaparecieron cuando viajaban en un coche en Caborca, Sonora, y tampoco contar con informaci\u00f3n de la autoridades locales, familiares y defensores de derechos humanos iniciar\u00e1n b\u00fasqueda desde la zona de los hechos.<\/p>\n\n\n\n<p>Leobardo y Jacobo, originarios del pueblo mixe Santo Domingo Tepuxtepec, desaparecieron el pasado 7 de marzo tras ser atacados cuando viajaban en un coche en esa ciudad.<\/p>\n\n\n\n<p>El defensor de derechos humanos, Joaqu\u00edn Galv\u00e1n, anunci\u00f3 que en pr\u00f3ximos d\u00edas se dirigir\u00e1 junto con familiares de las v\u00edctimas hasta Sonora para realizar la labor de campo correspondiente, por lo que demand\u00f3 al gobierno de esa entidad que garantice las condiciones y la seguridad para la b\u00fasqueda.<\/p>\n\n\n\n<p>As\u00ed como exhort\u00f3 a las personas que agredieron que les ayuden proporcionando informaci\u00f3n para de d\u00f3nde rastrearlos para dar con el paradero de los j\u00f3venes de 26 y 31 a\u00f1os de edad.<\/p>\n\n\n\n<p>Joaqu\u00edn Galv\u00e1n asegur\u00f3 que no buscan culpables, solo quieren paz para las familias y regresar a sus paisanos desaparecidos a casa, regresarlos con sus familiares en las condiciones en las que se logre su localizaci\u00f3n.<\/p>\n\n\n\n<p>SIN PISTAS<\/p>\n\n\n\n<p>El defensor de derechos humanos indic\u00f3 que hace unos d\u00edas recibieron informaci\u00f3n esperanzadora sobre el paradero de los mixes desaparecidos, pero result\u00f3 falsa.<\/p>\n\n\n\n<p>Por ello decidieron emprender la b\u00fasqueda por propia mano, pues aunque posiblemente &nbsp;fueron ultimados, sus cuerpos no han sido localizados, y si est\u00e1n con vida, igualmente no aparecen.&nbsp;<\/p>\n","protected":false},"excerpt":{"rendered":"<p>Yuridiana Sosa\/Zona Roja. Oaxaca de Ju\u00e1rez, Oax., a 23 de marzo de 2024.- A m\u00e1s&hellip;<\/p>\n","protected":false},"author":2,"featured_media":66554,"comment_status":"closed","ping_status":"open","sticky":false,"template":"","format":"standard","meta":{"_lmt_disableupdate":"","_lmt_disable":"","_jetpack_memberships_contains_paid_content":false,"footnotes":""},"categories":[109,47],"tags":[3882,3049],"class_list":["post-66553","post","type-post","status-publish","format-standard","has-post-thumbnail","hentry","category-minuto-a-minuto","category-zona-gris","tag-leobardo-y-jacobo-lopez","tag-santo-domingo-tepuxtepec"],"jetpack_featured_media_url":"https:\/\/zonaroja.com.mx\/wp-content\/uploads\/2024\/03\/Leobardo-y-Jacobo-Lopez-Tepuxtepec-Mixe.jpg","jetpack_sharing_enabled":true,"_links":{"self":[{"href":"https:\/\/zonaroja.com.mx\/index.php?rest_route=\/wp\/v2\/posts\/66553","targetHints":{"allow":["GET"]}}],"collection":[{"href":"https:\/\/zonaroja.com.mx\/index.php?rest_route=\/wp\/v2\/posts"}],"about":[{"href":"https:\/\/zonaroja.com.mx\/index.php?rest_route=\/wp\/v2\/types\/post"}],"author":[{"embeddable":true,"href":"https:\/\/zonaroja.com.mx\/index.php?rest_route=\/wp\/v2\/users\/2"}],"replies":[{"embeddable":true,"href":"https:\/\/zonaroja.com.mx\/index.php?rest_route=%2Fwp%2Fv2%2Fcomments&post=66553"}],"version-history":[{"count":1,"href":"https:\/\/zonaroja.com.mx\/index.php?rest_route=\/wp\/v2\/posts\/66553\/revisions"}],"predecessor-version":[{"id":66555,"href":"https:\/\/zonaroja.com.mx\/index.php?rest_route=\/wp\/v2\/posts\/66553\/revisions\/66555"}],"wp:featuredmedia":[{"embeddable":true,"href":"https:\/\/zonaroja.com.mx\/index.php?rest_route=\/wp\/v2\/media\/66554"}],"wp:attachment":[{"href":"https:\/\/zonaroja.com.mx\/index.php?rest_route=%2Fwp%2Fv2%2Fmedia&parent=66553"}],"wp:term":[{"taxonomy":"category","embeddable":true,"href":"https:\/\/zonaroja.com.mx\/index.php?rest_route=%2Fwp%2Fv2%2Fcategories&post=66553"},{"taxonomy":"post_tag","embeddable":true,"href":"https:\/\/zonaroja.com.mx\/index.php?rest_route=%2Fwp%2Fv2%2Ftags&post=66553"}],"curies":[{"name":"wp","href":"https:\/\/api.w.org\/{rel}","templated":true}]}}