{"id":66556,"date":"2024-03-23T07:49:43","date_gmt":"2024-03-23T13:49:43","guid":{"rendered":"http:\/\/www.zonaroja.com.mx\/?p=66556"},"modified":"2024-03-23T07:49:44","modified_gmt":"2024-03-23T13:49:44","slug":"en-recorridos-por-la-mixteca-asegura-nino-morales-que-defendera-plan-c-de-amlo","status":"publish","type":"post","link":"https:\/\/zonaroja.com.mx\/?p=66556","title":{"rendered":"En recorridos por la Mixteca, asegura Nino Morales que defender\u00e1 plan \u201cC\u201d de AMLO"},"content":{"rendered":"\n<p>Raymundo Morales\/Zona Roja.<\/p>\n\n\n\n<p>Oaxaca de Ju\u00e1rez, Oax., a 23 de marzo de 2024.- En recorridos por la regi\u00f3n Mixteca, el candidato al Senado por el Partido Morena, Antonino Morales Toledo, asegur\u00f3 que defender\u00e1 la continuidad de la transformaci\u00f3n para M\u00e9xico.<\/p>\n\n\n\n<p>Asimismo, reiter\u00f3 su compromiso para defender el plan \u201cC\u201d del Presidente Andr\u00e9s Manuel L\u00f3pez Obrador, con el cual se busca acabar con los privilegios.<\/p>\n\n\n\n<p>El ind\u00edgena zapoteca, originario de San Blas Atempa, recorri\u00f3 este viernes San Miguel Tlacotepec, San Sebasti\u00e1n Tecomaxtlahuaca y Santiago Juxtlahuaca; la v\u00edspera estuvo en Santos Reyes Tepejillo y San Juan Mixtepec.<\/p>\n\n\n\n<p>Durante sus mensajes, el aspirante de Morena a la C\u00e1mara alta, sostuvo que el Presidente Andr\u00e9s Manuel L\u00f3pez Obrador gana seis veces menos que un ministro quienes adem\u00e1s aun no quieren dejar sus privilegios.<\/p>\n\n\n\n<p>\u00abEl recurso que se destina a sus lujos, podr\u00edan haber ayudado para que no fueran nada m\u00e1s 200 caminos los que se pavimentaron sino fuera 400 caminos, porque es el equivalente a lo que ha destinado nuestro presidente a nuestro estado de Oaxaca en la construcci\u00f3n de caminos artesanales\u00bb, se\u00f1al\u00f3.<\/p>\n\n\n\n<p>Asimismo, el candidato ind\u00edgena se\u00f1al\u00f3 que el plan \u201cC\u201d consiste en aprobar un paquete de reformas que ha impulsado el presidente L\u00f3pez Obrador, una de ellas contempla la austeridad en los Poderes del Estado.<\/p>\n","protected":false},"excerpt":{"rendered":"<p>Raymundo Morales\/Zona Roja. Oaxaca de Ju\u00e1rez, Oax., a 23 de marzo de 2024.- En recorridos&hellip;<\/p>\n","protected":false},"author":2,"featured_media":66560,"comment_status":"closed","ping_status":"open","sticky":false,"template":"","format":"standard","meta":{"_lmt_disableupdate":"","_lmt_disable":"","_jetpack_memberships_contains_paid_content":false,"footnotes":""},"categories":[109,46],"tags":[180],"class_list":["post-66556","post","type-post","status-publish","format-standard","has-post-thumbnail","hentry","category-minuto-a-minuto","category-zona-blanca","tag-antonino-morales-toledo"],"jetpack_featured_media_url":"https:\/\/zonaroja.com.mx\/wp-content\/uploads\/2024\/03\/Antonino-Morales-en-la-Mixteca-1.jpg","jetpack_sharing_enabled":true,"_links":{"self":[{"href":"https:\/\/zonaroja.com.mx\/index.php?rest_route=\/wp\/v2\/posts\/66556","targetHints":{"allow":["GET"]}}],"collection":[{"href":"https:\/\/zonaroja.com.mx\/index.php?rest_route=\/wp\/v2\/posts"}],"about":[{"href":"https:\/\/zonaroja.com.mx\/index.php?rest_route=\/wp\/v2\/types\/post"}],"author":[{"embeddable":true,"href":"https:\/\/zonaroja.com.mx\/index.php?rest_route=\/wp\/v2\/users\/2"}],"replies":[{"embeddable":true,"href":"https:\/\/zonaroja.com.mx\/index.php?rest_route=%2Fwp%2Fv2%2Fcomments&post=66556"}],"version-history":[{"count":1,"href":"https:\/\/zonaroja.com.mx\/index.php?rest_route=\/wp\/v2\/posts\/66556\/revisions"}],"predecessor-version":[{"id":66561,"href":"https:\/\/zonaroja.com.mx\/index.php?rest_route=\/wp\/v2\/posts\/66556\/revisions\/66561"}],"wp:featuredmedia":[{"embeddable":true,"href":"https:\/\/zonaroja.com.mx\/index.php?rest_route=\/wp\/v2\/media\/66560"}],"wp:attachment":[{"href":"https:\/\/zonaroja.com.mx\/index.php?rest_route=%2Fwp%2Fv2%2Fmedia&parent=66556"}],"wp:term":[{"taxonomy":"category","embeddable":true,"href":"https:\/\/zonaroja.com.mx\/index.php?rest_route=%2Fwp%2Fv2%2Fcategories&post=66556"},{"taxonomy":"post_tag","embeddable":true,"href":"https:\/\/zonaroja.com.mx\/index.php?rest_route=%2Fwp%2Fv2%2Ftags&post=66556"}],"curies":[{"name":"wp","href":"https:\/\/api.w.org\/{rel}","templated":true}]}}