{"id":6656,"date":"2019-12-14T11:03:52","date_gmt":"2019-12-14T17:03:52","guid":{"rendered":"http:\/\/www.zonaroja.com.mx\/?p=6656"},"modified":"2019-12-14T08:04:42","modified_gmt":"2019-12-14T14:04:42","slug":"exigen-a-gobernadores-de-edomex-oaxaca-y-chiapas-frenar-feminicidios","status":"publish","type":"post","link":"https:\/\/zonaroja.com.mx\/?p=6656","title":{"rendered":"Exigen a gobernadores de Edomex, Oaxaca y Chiapas, frenar feminicidios"},"content":{"rendered":"\n<p>Redacci\u00f3n\/Zona Roja Cdmx.<\/p>\n\n\n\n<p>Ciudad de M\u00e9xico, 14 de diciembre de\n2019.- La Comisi\u00f3n de Igualdad de G\u00e9nero de la C\u00e1mara de Diputados federal,\ndemand\u00f3 a los gobernadores de Oaxaca, Chiapas y del Estado de M\u00e9xico, y a sus\nrespetivas fiscal\u00edas, atender los recientes casos de feminicidio en dichas\nentidades de acuerdo a los protocolos correspondientes, con la debida\ndiligencia y con perspectiva de g\u00e9nero.<\/p>\n\n\n\n<p>Sobre el ataque con \u00e1cido a Mar\u00eda Elena\nR\u00edos en Oaxaca el pasados mes de septiembre, la presidenta de dicha comisi\u00f3n\nlegislativa, Wendy Brice\u00f1o Zuloaga, hizo un llamado en\u00e9rgico al fiscal General\ndel Estado, Rub\u00e9n Vasconcelos M\u00e9ndez, y al gobernador, Alejandro Murat\nHinojosa, para que este caso sea atendido con estricto apego a las leyes, toda\nvez que hay se\u00f1alamientos muy graves que implican a un exdiputado como el\npresunto responsable.<\/p>\n\n\n\n<p>La legisladora morenista resalt\u00f3 que,\nque estos hechos ocurren en medio de una ola de violencia contra las mujeres en\ndicha entidad, pues de acuerdo con cifras de la organizaci\u00f3n civil feminista\nConsorcio Oaxaca, en lo que va de la administraci\u00f3n de Alejandro Murat, es\ndecir, de diciembre de 2016 a la fecha han sido asesinadas 373 mujeres, de las\ncuales 158 ocurrieron despu\u00e9s de ser declarada la alerta de g\u00e9nero.<\/p>\n\n\n\n<p>TAMBI\u00c9N CHIAPAS Y EDOMEX<\/p>\n\n\n\n<p>Respecto al feminicidio de Yucenia\nJaquel\u00edn Gom\u00e9z Nucamendi en Chiapas, tambi\u00e9n hizo un llamado a las autoridades\na realizar una investigaci\u00f3n exhaustiva y conden\u00f3 el condenable crimen contra\nla joven de 19 a\u00f1os.<\/p>\n\n\n\n<p>En torno a la situaci\u00f3n de terror que se\nvive en el Estado de M\u00e9xico, Wendy Brice\u00f1o reprob\u00f3 el triple homicidio de\nJacqueline Alva de 20 a\u00f1os, y sus hijas Brenda Yaret de 4 a\u00f1os y Sofia Aidee de\nun a\u00f1o.<\/p>\n\n\n\n<p>Y el de Sonia P\u00e9rez Rodea, profesora de\ndanza de la Universidad Aut\u00f3noma del Estado de M\u00e9xico, quien fue asesinada el\npasado lunes 9 al interior de la propia instituci\u00f3n acad\u00e9mica en Toluca; sobre\neste caso, se\u00f1al\u00f3 que ya hay un detenido, acusado como probable responsable del\ndelito.<\/p>\n\n\n\n<p>En un comunicado, la presidenta de la\nComisi\u00f3n de Igualdad de G\u00e9nero sostuvo que ambos casos evidencian la grave\nsituaci\u00f3n de violencia feminicida que prevalece en el Estado de M\u00e9xico, a pesar\nde que se han declarado dos alertas de g\u00e9nero, la primera desde el 31 de julio\nde 2015 y la segunda a partir de septiembre de este a\u00f1o.<\/p>\n\n\n\n<p>La diputada Wendy Brice\u00f1o record\u00f3 que\nrecientemente se aprob\u00f3 en la C\u00e1mara de Diputados un dictamen para fortalecer\nel mecanismo de alerta de violencia de g\u00e9nero hacia las mujeres, el cual fue\nturnado al Senado de la Rep\u00fablica, por lo que tambi\u00e9n lanz\u00f3 \u201cun llamado claro y\ncontundente\u201d a los senadores a votar cuanto antes dicha actualizaciones a la\nley, ya que es un tema de especial y obvia urgencia.<\/p>\n","protected":false},"excerpt":{"rendered":"<p>Redacci\u00f3n\/Zona Roja Cdmx. Ciudad de M\u00e9xico, 14 de diciembre de 2019.- La Comisi\u00f3n de Igualdad&hellip;<\/p>\n","protected":false},"author":2,"featured_media":6657,"comment_status":"closed","ping_status":"open","sticky":false,"template":"","format":"standard","meta":{"_lmt_disableupdate":"","_lmt_disable":"","_jetpack_memberships_contains_paid_content":false,"footnotes":""},"categories":[109,47],"tags":[1136,1124],"class_list":["post-6656","post","type-post","status-publish","format-standard","has-post-thumbnail","hentry","category-minuto-a-minuto","category-zona-gris","tag-diputada-wendy-briceno-zuloaga","tag-maria-elena-rios-ortiz"],"jetpack_featured_media_url":"https:\/\/zonaroja.com.mx\/wp-content\/uploads\/2019\/12\/Diputada-Wendy.jpg","jetpack_sharing_enabled":true,"_links":{"self":[{"href":"https:\/\/zonaroja.com.mx\/index.php?rest_route=\/wp\/v2\/posts\/6656","targetHints":{"allow":["GET"]}}],"collection":[{"href":"https:\/\/zonaroja.com.mx\/index.php?rest_route=\/wp\/v2\/posts"}],"about":[{"href":"https:\/\/zonaroja.com.mx\/index.php?rest_route=\/wp\/v2\/types\/post"}],"author":[{"embeddable":true,"href":"https:\/\/zonaroja.com.mx\/index.php?rest_route=\/wp\/v2\/users\/2"}],"replies":[{"embeddable":true,"href":"https:\/\/zonaroja.com.mx\/index.php?rest_route=%2Fwp%2Fv2%2Fcomments&post=6656"}],"version-history":[{"count":1,"href":"https:\/\/zonaroja.com.mx\/index.php?rest_route=\/wp\/v2\/posts\/6656\/revisions"}],"predecessor-version":[{"id":6658,"href":"https:\/\/zonaroja.com.mx\/index.php?rest_route=\/wp\/v2\/posts\/6656\/revisions\/6658"}],"wp:featuredmedia":[{"embeddable":true,"href":"https:\/\/zonaroja.com.mx\/index.php?rest_route=\/wp\/v2\/media\/6657"}],"wp:attachment":[{"href":"https:\/\/zonaroja.com.mx\/index.php?rest_route=%2Fwp%2Fv2%2Fmedia&parent=6656"}],"wp:term":[{"taxonomy":"category","embeddable":true,"href":"https:\/\/zonaroja.com.mx\/index.php?rest_route=%2Fwp%2Fv2%2Fcategories&post=6656"},{"taxonomy":"post_tag","embeddable":true,"href":"https:\/\/zonaroja.com.mx\/index.php?rest_route=%2Fwp%2Fv2%2Ftags&post=6656"}],"curies":[{"name":"wp","href":"https:\/\/api.w.org\/{rel}","templated":true}]}}