{"id":66562,"date":"2024-03-23T17:41:42","date_gmt":"2024-03-23T23:41:42","guid":{"rendered":"http:\/\/www.zonaroja.com.mx\/?p=66562"},"modified":"2024-03-23T17:41:44","modified_gmt":"2024-03-23T23:41:44","slug":"oaxaca-se-declara-ciudad-esponja-contra-la-sequia-con-la-cosecha-de-agua-de-lluvia","status":"publish","type":"post","link":"https:\/\/zonaroja.com.mx\/?p=66562","title":{"rendered":"Oaxaca se declara \u201cCiudad Esponja\u201d contra la sequ\u00eda, con la cosecha de agua de lluvia"},"content":{"rendered":"\n<p>Yuridiana Sosa\/Zona Roja.<\/p>\n\n\n\n<p>Oaxaca de Ju\u00e1rez, Oax., a 23 de marzo de 2024.- Para hacer frente a la crisis del agua en la capital del estado, el gobierno municipal de Oaxaca de Ju\u00e1rez puso en marcha un proyecto para la cosecha de agua de lluvia en agencias y escuelas.<\/p>\n\n\n\n<p>Durante la conmemoraci\u00f3n del D\u00eda Mundial del Agua, el presidente municipal Francisco Mart\u00ednez Neri, declar\u00f3 a la capital como \u201cCiudad Esponja\u201d por implementar un programa en el que la ciudadan\u00eda participar\u00e1 en la captaci\u00f3n y aprovechamiento del agua de lluvia.\u00a0<\/p>\n\n\n\n<p>En diferentes agencias, planteles denominados \u201cEscuelas de lluvia\u201d y mercados, se construir\u00e1n 50 cisternas con capacidad de 120 mil litros.<\/p>\n\n\n\n<p>\u201cEstamos abordando ya el tema porque no podemos tardarnos m\u00e1s. Hace algunos d\u00edas yo dec\u00eda que este 2024 es el \u2018a\u00f1o cero \u2018, el a\u00f1o de la conciencia, de la reflexi\u00f3n, pues si no lo hacemos a partir de acciones diversas se va agravar el problema\u201d, se\u00f1al\u00f3.<\/p>\n\n\n\n<p>El edil record\u00f3 el dif\u00edcil panorama que enfrenta el pa\u00eds sobre la falta de agua, por lo que es trascendente implementar trabajos para abatir el problema y en el caso de Oaxaca capital, dijo, \u201ctodos juntos somos la soluci\u00f3n\u201d.<\/p>\n\n\n\n<p>EL PROYECTO PILOTO<\/p>\n\n\n\n<p>La agencia de Donaj\u00ed es una de las primeras zonas en la capital donde se ech\u00f3 a andar el programa.<\/p>\n\n\n\n<p>Tras la instalaci\u00f3n de la cisterna, junto con los organismos de la sociedad civil que acompa\u00f1an el proyecto, se pudo constatar su funcionalidad tras la ca\u00edda de una lluvia d\u00edas atr\u00e1s.<\/p>\n\n\n\n<p>Mencion\u00f3 que gracias a este sistema las personas pueden recibir en sus casas agua limpia; lo mismo ocurrir\u00e1 en las escuelas.<\/p>\n\n\n\n<p>Las agencias Dolores y San Felipe del Agua, son otras de las zonas en las que ya se programa este proyecto.<\/p>\n\n\n\n<p>EL PROCESO<\/p>\n\n\n\n<p>Por su parte, el director del Instituto de la Naturaleza y la Sociedad de Oaxaca AC y fundador del Foro Oaxaque\u00f1o del Agua, Juan Jos\u00e9 Consejo Due\u00f1as, se\u00f1al\u00f3 la importancia de mantener como pol\u00edtica p\u00fablica el tema del agua. &nbsp;<\/p>\n\n\n\n<p>Expres\u00f3 que la idea de convertir a Oaxaca en una \u201cCiudad Esponja\u201d es un programa integral y ambicioso, a trav\u00e9s del cual desde el Foro Oaxaque\u00f1o del Agua se desarrolla una pol\u00edtica de gobierno respecto a este tema, as\u00ed como se crea el Observatorio Ciudadano del Agua que en pr\u00f3ximos d\u00edas se anunciar\u00e1.<\/p>\n\n\n\n<p>Resalt\u00f3 que se tuvo el apoyo de Casa de la Tierra en la gu\u00eda de c\u00f3mo \u201cllevarnos bien\u201d con el agua, con la cosecha de lluvia.<\/p>\n\n\n\n<p>Indic\u00f3 que tras la puesta en marcha del piloto es trascendente revisar la legislaci\u00f3n, a fin de que las construcciones tengan instrumentos adecuados a esta nueva manera de relacionarnos con el agua, que es con la cosecha de lluvia.<\/p>\n\n\n\n<p>Adem\u00e1s, otro paso importante es establecer como un criterio de gobierno no hacer cambios de uso de suelo en las \u00e1reas protegidas, y que son nuestras esponjas; &nbsp;y finalmente todo esto acompa\u00f1ado de una estrategia de difusi\u00f3n y comunicaci\u00f3n, cuyo principio es \u201cllevarnos bien con el agua\u201d.<\/p>\n\n\n\n<p>POL\u00cdTICA<\/p>\n\n\n\n<p>Entre los puntos para una pol\u00edtica del agua, el Foro Oaxaque\u00f1o de Agua platea es concentrar los esfuerzos en los niveles local y de la Cuenca, por ello tenemos que trabajar localmente pero pensando en toda la Cuenca de la que formamos parte pues las cuencas son unidades naturales en las que el agua vincula a la naturaleza y a la gente que habita en ellas.<\/p>\n\n\n\n<p>As\u00ed tambi\u00e9n, garantizar el acceso de todos al agua para subsistencia, esto se refiere a que como el agua es limitada, debemos repartirla y usarla bien por ello es importante ordenar sus usos de manera que se asegure el equilibrio natural que permita seguir teniendo agua y todos tengan acceso al agua para vivir.<\/p>\n\n\n\n<p>Por ello se propone el mantenimiento de los sistemas naturales para la satisfacci\u00f3n de las necesidades b\u00e1sicas usos sociales y comunitarios actividades agropecuarias y usos privados de beneficio econ\u00f3mico.<\/p>\n\n\n\n<p>Apoyar a las comunidades rurales que aseguran el mantenimiento del agua, esto es compensar a las comunidades que protegen las fuentes de agua; otro punto es buscar alternativas al drenaje, pues el drenaje convencional es una de las principales causas de desperdicio de agua en las casas y de contaminaci\u00f3n de cuerpos de agua por ello es mejor optar por m\u00e9todos alternativos para manejar nuestros desechos y una opci\u00f3n recomendable son los sanitarios secos.<\/p>\n\n\n\n<p>Tambi\u00e9n destacan como punto importante crear ciudades sustentables debido a que es indispensable cambiar la relaci\u00f3n de la sociedad con el agua para ello requerimos ciudades sustentables es decir ciudades que mantengan un equilibrio con el campo a su alrededor.<\/p>\n\n\n\n<p>Otra pol\u00edtica es, no a los grandes proyectos hidr\u00e1ulicos en particular las presas a la miner\u00eda\u00a0 a cielo abierto y el \u00abfracking\u00bb.<\/p>\n","protected":false},"excerpt":{"rendered":"<p>Yuridiana Sosa\/Zona Roja. Oaxaca de Ju\u00e1rez, Oax., a 23 de marzo de 2024.- Para hacer&hellip;<\/p>\n","protected":false},"author":2,"featured_media":66565,"comment_status":"closed","ping_status":"open","sticky":false,"template":"","format":"standard","meta":{"_lmt_disableupdate":"","_lmt_disable":"","_jetpack_memberships_contains_paid_content":false,"footnotes":""},"categories":[109,46],"tags":[2418,148],"class_list":["post-66562","post","type-post","status-publish","format-standard","has-post-thumbnail","hentry","category-minuto-a-minuto","category-zona-blanca","tag-francisco-martinez-neri","tag-oaxaca-de-juarez"],"jetpack_featured_media_url":"https:\/\/zonaroja.com.mx\/wp-content\/uploads\/2024\/03\/Dia-Mundial-del-Agua-Oaxaca-de-Juarez-cosecha-de-agua.jpg","jetpack_sharing_enabled":true,"_links":{"self":[{"href":"https:\/\/zonaroja.com.mx\/index.php?rest_route=\/wp\/v2\/posts\/66562","targetHints":{"allow":["GET"]}}],"collection":[{"href":"https:\/\/zonaroja.com.mx\/index.php?rest_route=\/wp\/v2\/posts"}],"about":[{"href":"https:\/\/zonaroja.com.mx\/index.php?rest_route=\/wp\/v2\/types\/post"}],"author":[{"embeddable":true,"href":"https:\/\/zonaroja.com.mx\/index.php?rest_route=\/wp\/v2\/users\/2"}],"replies":[{"embeddable":true,"href":"https:\/\/zonaroja.com.mx\/index.php?rest_route=%2Fwp%2Fv2%2Fcomments&post=66562"}],"version-history":[{"count":1,"href":"https:\/\/zonaroja.com.mx\/index.php?rest_route=\/wp\/v2\/posts\/66562\/revisions"}],"predecessor-version":[{"id":66566,"href":"https:\/\/zonaroja.com.mx\/index.php?rest_route=\/wp\/v2\/posts\/66562\/revisions\/66566"}],"wp:featuredmedia":[{"embeddable":true,"href":"https:\/\/zonaroja.com.mx\/index.php?rest_route=\/wp\/v2\/media\/66565"}],"wp:attachment":[{"href":"https:\/\/zonaroja.com.mx\/index.php?rest_route=%2Fwp%2Fv2%2Fmedia&parent=66562"}],"wp:term":[{"taxonomy":"category","embeddable":true,"href":"https:\/\/zonaroja.com.mx\/index.php?rest_route=%2Fwp%2Fv2%2Fcategories&post=66562"},{"taxonomy":"post_tag","embeddable":true,"href":"https:\/\/zonaroja.com.mx\/index.php?rest_route=%2Fwp%2Fv2%2Ftags&post=66562"}],"curies":[{"name":"wp","href":"https:\/\/api.w.org\/{rel}","templated":true}]}}