{"id":66563,"date":"2024-03-23T15:48:44","date_gmt":"2024-03-23T21:48:44","guid":{"rendered":"http:\/\/www.zonaroja.com.mx\/?p=66563"},"modified":"2024-03-23T15:48:59","modified_gmt":"2024-03-23T21:48:59","slug":"otra-vez-falla-la-secretaria-de-gobierno-bullen-conflictos-en-la-mixteca","status":"publish","type":"post","link":"https:\/\/zonaroja.com.mx\/?p=66563","title":{"rendered":"Otra vez falla la Secretar\u00eda de Gobierno: bullen conflictos en la Mixteca"},"content":{"rendered":"\n<p>Raymundo Morales\/Zona Roja.<\/p>\n\n\n\n<p>Oaxaca de Ju\u00e1rez, Oax., a 23 de marzo de 2024.- Mientras que en Santiago Chazumba suman cuatro d\u00edas de bloqueos carreteros, pobladores de San Pedro M\u00e1rtir Yucuxaco tuvieron que pedir la intervenci\u00f3n directa del Presidente Andr\u00e9s Manuel L\u00f3pez Obrador para solucionar un conflicto.<\/p>\n\n\n\n<p>Ayer se cumplieron tres d\u00edas de bloqueos por parte de pobladores de diversas agencias y la cabecera municipal de Chazumba a la carretera federal 125 Huajuapan-Tehuac\u00e1n.<\/p>\n\n\n\n<p>Lo anterior para exigir que se entreguen los recursos presupuestales a las agencias Trinidad Huaxtepec, Olleras de Bustamante,&nbsp; Lunatitl\u00e1n del Progreso y San Juan Chichihualtepec.<\/p>\n\n\n\n<p>Asimismo, denunciar la opacidad del edil Efra\u00edn Bautista Garc\u00eda y su negativa infundada de otorgarles los recursos de los ramos 28 y 33, fondo cuatro.&nbsp;<\/p>\n\n\n\n<p>EL LLAMADO<\/p>\n\n\n\n<p>Por su parte, a trav\u00e9s de un comunicado de prensa, el gobierno de Oaxaca exhort\u00f3 a los pobladores y autoridades auxiliares de las localidades inconforme a privilegiar el di\u00e1logo para solucionar el problema.<\/p>\n\n\n\n<p>\u00abLo anterior derivado a que se ten\u00eda programada una mesa de di\u00e1logo para&nbsp;este viernes a las 12:00&nbsp;horas en Huajuapan de Le\u00f3n, a la que tambi\u00e9n fueron convocadas las instancias gubernamentales competentes para dar atenci\u00f3n a los planteamientos y garantizar la seguridad de todas y todos, sin embargo, ninguna autoridad municipal asisti\u00f3.<\/p>\n\n\n\n<p>Este s\u00e1bado, los inconformes de Chazumba dieron una tregua, bajo el compromiso gubernamental de llamar a las partes a un di\u00e1logo para solucionar la problem\u00e1tica.&nbsp;<\/p>\n\n\n\n<p>CASO YUCUXACO<\/p>\n\n\n\n<p>En tanto, el jueves durante la visita del mandatario L\u00f3pez Obrador a Oaxaca, fue abordado por un grupo de habitantes de San Pedro M\u00e1rtir Yucuxaco.&nbsp;<\/p>\n\n\n\n<p>Le expusieron que el ex edil Pedro Esp\u00edritu tiene amenazada a la poblaci\u00f3n e incluso ha \u201clevantado\u201d a varias personas.&nbsp;<\/p>\n\n\n\n<p>Tras escuchar la queja, el mandatario mexicano pidi\u00f3 al gobernador Salom\u00f3n Jara atender la problem\u00e1tica y \u00e9ste dijo que el pr\u00f3ximo lunes recibir\u00eda a una comisi\u00f3n de pobladores.&nbsp;<\/p>\n","protected":false},"excerpt":{"rendered":"<p>Raymundo Morales\/Zona Roja. Oaxaca de Ju\u00e1rez, Oax., a 23 de marzo de 2024.- Mientras que&hellip;<\/p>\n","protected":false},"author":2,"featured_media":66558,"comment_status":"closed","ping_status":"open","sticky":false,"template":"","format":"standard","meta":{"_lmt_disableupdate":"","_lmt_disable":"","_jetpack_memberships_contains_paid_content":false,"footnotes":""},"categories":[109,47],"tags":[],"class_list":["post-66563","post","type-post","status-publish","format-standard","has-post-thumbnail","hentry","category-minuto-a-minuto","category-zona-gris"],"jetpack_featured_media_url":"https:\/\/zonaroja.com.mx\/wp-content\/uploads\/2024\/03\/Bloqueo-Mixteca-Chazumba.jpg","jetpack_sharing_enabled":true,"_links":{"self":[{"href":"https:\/\/zonaroja.com.mx\/index.php?rest_route=\/wp\/v2\/posts\/66563","targetHints":{"allow":["GET"]}}],"collection":[{"href":"https:\/\/zonaroja.com.mx\/index.php?rest_route=\/wp\/v2\/posts"}],"about":[{"href":"https:\/\/zonaroja.com.mx\/index.php?rest_route=\/wp\/v2\/types\/post"}],"author":[{"embeddable":true,"href":"https:\/\/zonaroja.com.mx\/index.php?rest_route=\/wp\/v2\/users\/2"}],"replies":[{"embeddable":true,"href":"https:\/\/zonaroja.com.mx\/index.php?rest_route=%2Fwp%2Fv2%2Fcomments&post=66563"}],"version-history":[{"count":1,"href":"https:\/\/zonaroja.com.mx\/index.php?rest_route=\/wp\/v2\/posts\/66563\/revisions"}],"predecessor-version":[{"id":66564,"href":"https:\/\/zonaroja.com.mx\/index.php?rest_route=\/wp\/v2\/posts\/66563\/revisions\/66564"}],"wp:featuredmedia":[{"embeddable":true,"href":"https:\/\/zonaroja.com.mx\/index.php?rest_route=\/wp\/v2\/media\/66558"}],"wp:attachment":[{"href":"https:\/\/zonaroja.com.mx\/index.php?rest_route=%2Fwp%2Fv2%2Fmedia&parent=66563"}],"wp:term":[{"taxonomy":"category","embeddable":true,"href":"https:\/\/zonaroja.com.mx\/index.php?rest_route=%2Fwp%2Fv2%2Fcategories&post=66563"},{"taxonomy":"post_tag","embeddable":true,"href":"https:\/\/zonaroja.com.mx\/index.php?rest_route=%2Fwp%2Fv2%2Ftags&post=66563"}],"curies":[{"name":"wp","href":"https:\/\/api.w.org\/{rel}","templated":true}]}}