{"id":66567,"date":"2024-03-23T18:30:00","date_gmt":"2024-03-24T00:30:00","guid":{"rendered":"http:\/\/www.zonaroja.com.mx\/?p=66567"},"modified":"2024-03-23T17:44:05","modified_gmt":"2024-03-23T23:44:05","slug":"opinion-partidos-en-oaxaca-fracasara-el-intento-de-cometerle-fraude-a-la-ley-a-las-acciones-afirmativas","status":"publish","type":"post","link":"https:\/\/zonaroja.com.mx\/?p=66567","title":{"rendered":"Opini\u00f3n. Partidos en Oaxaca: \u00bffracasar\u00e1 el intento de cometerle fraude a la ley a las acciones afirmativas?"},"content":{"rendered":"\n<p>Adri\u00e1n Ortiz Romero Cuevas*<\/p>\n\n\n\n<p>Una de las razones principales por las que el \u00f3rgano electoral local extendi\u00f3 en dos ocasiones consecutivas, el plazo para la presentaci\u00f3n de las candidaturas a diputaciones locales y concejal\u00edas en Oaxaca fue porque los partidos pol\u00edticos no pod\u00edan reunir los espacios destinados para las acciones afirmativas. Pareciera que este conjunto de determinaciones equilibradoras, que la ley dispone para ciertas minor\u00edas, en realidad para los partidos es un laberinto del que querr\u00edan salir cometi\u00e9ndole una especie de fraude a la ley a las acciones afirmativas. Ojal\u00e1 fracasen.<\/p>\n\n\n\n<p>En efecto, ha sido escandalosa la forma en c\u00f3mo, desde anteriores procesos electorales, los partidos y sus candidatos en Oaxaca han intentado mentirle a la ley auto adscribi\u00e9ndose a alguna minor\u00eda tutelada por acciones afirmativas, para lograr una postulaci\u00f3n. Ah\u00ed est\u00e1n, por ejemplo, los casos de personas que se dicen ind\u00edgenas sin serlo; o algunas a\u00fan m\u00e1s escandalosas, que se han dicho parte de la comunidad LGBT+ o que han intentado pasar por discapacitados, afromexicanos cuando a todas luces no lo son.&nbsp;<\/p>\n\n\n\n<p>El problema, en ese sentido, no es que una persona intente enga\u00f1ar a la autoridad o al electorado afirm\u00e1ndose como parte de una minor\u00eda, para lograr una candidatura. No: el problema real es que, al hacerlo, y tanto su partido como la autoridad permit\u00edrselo \u2014con lo que se convierten en sus c\u00f3mplices\u2014 en realidad lo que ocurre es que, efectivamente, revictimizan a las personas realmente integrantes de esas minor\u00edas, que hist\u00f3ricamente han sido invisibilizadas y marginadas de la participaci\u00f3n pol\u00edtica en su municipio o en su distrito electoral, y que, con esa complicidad y ese silencio, replican y perpet\u00faan dicha marginaci\u00f3n.<\/p>\n\n\n\n<p>Ahora bien, \u00bfqu\u00e9 es una acci\u00f3n afirmativa? De acuerdo con el Diccionario Panhisp\u00e1nico del Espa\u00f1ol Jur\u00eddico, es \u201cun conjunto de medidas que adopta el Estado a fin de promover la igualdad real a favor de los titulares de derechos que se encuentren en situaci\u00f3n de desigualdad\u201d.&nbsp;<\/p>\n\n\n\n<p>En ese tenor,&nbsp;una nota&nbsp;del Instituto Belisario Dom\u00ednguez del Senado de la Rep\u00fablica, titulada \u201cAcciones afirmativas para garantizar la representaci\u00f3n pol\u00edtica de grupos hist\u00f3ricamente discriminados y subrepresentados\u201d, elaborada la investigadora Susana Ram\u00edrez Hern\u00e1ndez, apunta que los Congresos locales han desempe\u00f1ado un papel importante en el reconocimiento de acciones afirmativas para garantizar el derecho de los grupos en situaci\u00f3n de discriminaci\u00f3n a ser votados, as\u00ed como para establecer una mayor obligatoriedad a los partidos pol\u00edticos en su implementaci\u00f3n.<\/p>\n\n\n\n<p>Refiere que, en el caso particular de Oaxaca y algunas otras pocas entidades federativas, se incluye en sus leyes y c\u00f3digos sanciones expl\u00edcitas a los partidos pol\u00edticos que incumplan con su obligaci\u00f3n establecida en la acci\u00f3n afirmativa.&nbsp;<\/p>\n\n\n\n<p>FRAUDE A LA LEY&nbsp;<\/p>\n\n\n\n<p>En el riesgo de dichas sanciones, habr\u00edamos de agregar, es en donde justamente est\u00e1n entrampados los partidos pol\u00edticos que hoy en d\u00eda se encuentran en serios problemas porque no tienen la capacidad de llenar las cuotas de g\u00e9nero, de j\u00f3venes, de discapacitados, de la comunidad LGBT+ y de afromexicanos, para cumplir con los requisitos de la ley, y superar la posibilidad de que, por esa raz\u00f3n, se les niegue el registro a sus dem\u00e1s abanderados.<\/p>\n\n\n\n<p>Habr\u00e1 que preguntarse si no llenan las cuotas porque no existen esas minor\u00edas, o porque los partidos est\u00e1n tan alejados de la ciudadan\u00eda, que simplemente no las conocen. Evidentemente, la segunda posibilidad rebasa por mucho a la primera: hoy los partidos se enfrentan al hecho de que no crearon los suficientes cuadros pol\u00edticos entre los diversos sectores sociales que, o no los conocen o, de plano desconf\u00edan abiertamente de ellos.&nbsp;<\/p>\n\n\n\n<p>De ah\u00ed la tentaci\u00f3n de incurrir en una especie de fraude a la ley al suplantar identidades, ascendencias, or\u00edgenes \u00e9tnicos, discapacidades o preferencias sexuales, para tratar de enga\u00f1ar tanto a la autoridad, como al electorado, respecto a las acciones afirmativas. Y es que el fraude a la ley debe entenderse como una conducta totalmente voluntaria realizada con el exclusivo fin de obtener un fin l\u00edcito a trav\u00e9s de un medio il\u00edcito. Es exactamente lo que ocurre en este caso.&nbsp;<\/p>\n\n\n\n<p>Por eso vemos al PRI postulando por v\u00eda de acci\u00f3n afirmativa a la candidata que encabeza su f\u00f3rmula al Senado, cuando es p\u00fablico y notorio que, salvo su auto adscripci\u00f3n \u2014que hoy tiene como raz\u00f3n el acceso a la candidatura\u2014, no tiene ning\u00fan rasgo ind\u00edgena; del rumor que se corri\u00f3 de que en el Partido Verde postular\u00edan a una candidata a trav\u00e9s de los espacios para personas con discapacidad; o lo que ha ocurrido respecto a quien se declara parte de la comunidad LGBT+, sin serlo.&nbsp;<\/p>\n\n\n\n<p>Ojal\u00e1 que la autoridad electoral haga su trabajo para atajar estos intentos de defraudar, primero a la ley, pero sobre todo a la ciudadan\u00eda y a las minor\u00edas protegidas por las acciones afirmativas. La lejan\u00eda de los partidos con la ciudadan\u00eda es tanta, que por eso estas acciones de discriminaci\u00f3n positiva son vistas m\u00e1s como una amenaza que como un reflejo natural de nuestra enorme pluralidad como oaxaque\u00f1os.&nbsp;<\/p>\n\n\n\n<p>EPITAFIO&nbsp;<\/p>\n\n\n\n<p>\u00bfQui\u00e9n es Jessica L\u00f3pez, y a qui\u00e9n le estar\u00eda \u201creservando\u201d el lugar en la lista de candidatos a diputados locales del PRI por el principio de representaci\u00f3n proporcional? \u00bfQu\u00e9 m\u00e1s hay de fondo en todo esto?&nbsp;<\/p>\n\n\n\n<p>*Abogado y periodista.<\/p>\n\n\n\n<p>@ortizromeroc&nbsp;<\/p>\n\n\n\n<p>@columnaalmargen<\/p>\n\n\n\n<p><blockquote class=\"wp-embedded-content\" data-secret=\"K0HtJLQhtd\"><a href=\"https:\/\/columnaalmargen.mx\/\">P\u00e1gina de Inicio<\/a><\/blockquote><iframe class=\"wp-embedded-content\" sandbox=\"allow-scripts\" security=\"restricted\" style=\"position: absolute; clip: rect(1px, 1px, 1px, 1px);\" title=\"&#8220;P\u00e1gina de Inicio&#8221; &#8212; Columna Al Margen\" src=\"https:\/\/columnaalmargen.mx\/embed\/#?secret=Z1hlRMKQUe#?secret=K0HtJLQhtd\" data-secret=\"K0HtJLQhtd\" width=\"600\" height=\"338\" frameborder=\"0\" marginwidth=\"0\" marginheight=\"0\" scrolling=\"no\"><\/iframe><\/p>\n","protected":false},"excerpt":{"rendered":"<p>Adri\u00e1n Ortiz Romero Cuevas* Una de las razones principales por las que el \u00f3rgano electoral&hellip;<\/p>\n","protected":false},"author":2,"featured_media":41727,"comment_status":"closed","ping_status":"open","sticky":false,"template":"","format":"standard","meta":{"_lmt_disableupdate":"","_lmt_disable":"","_jetpack_memberships_contains_paid_content":false,"footnotes":""},"categories":[456,109],"tags":[2994],"class_list":["post-66567","post","type-post","status-publish","format-standard","has-post-thumbnail","hentry","category-columna","category-minuto-a-minuto","tag-adrian-ortiz-romero-cuevas"],"jetpack_featured_media_url":"https:\/\/zonaroja.com.mx\/wp-content\/uploads\/2022\/05\/268ff40f-0d29-460d-b639-fc8eebaa17a4.jpg","jetpack_sharing_enabled":true,"_links":{"self":[{"href":"https:\/\/zonaroja.com.mx\/index.php?rest_route=\/wp\/v2\/posts\/66567","targetHints":{"allow":["GET"]}}],"collection":[{"href":"https:\/\/zonaroja.com.mx\/index.php?rest_route=\/wp\/v2\/posts"}],"about":[{"href":"https:\/\/zonaroja.com.mx\/index.php?rest_route=\/wp\/v2\/types\/post"}],"author":[{"embeddable":true,"href":"https:\/\/zonaroja.com.mx\/index.php?rest_route=\/wp\/v2\/users\/2"}],"replies":[{"embeddable":true,"href":"https:\/\/zonaroja.com.mx\/index.php?rest_route=%2Fwp%2Fv2%2Fcomments&post=66567"}],"version-history":[{"count":1,"href":"https:\/\/zonaroja.com.mx\/index.php?rest_route=\/wp\/v2\/posts\/66567\/revisions"}],"predecessor-version":[{"id":66568,"href":"https:\/\/zonaroja.com.mx\/index.php?rest_route=\/wp\/v2\/posts\/66567\/revisions\/66568"}],"wp:featuredmedia":[{"embeddable":true,"href":"https:\/\/zonaroja.com.mx\/index.php?rest_route=\/wp\/v2\/media\/41727"}],"wp:attachment":[{"href":"https:\/\/zonaroja.com.mx\/index.php?rest_route=%2Fwp%2Fv2%2Fmedia&parent=66567"}],"wp:term":[{"taxonomy":"category","embeddable":true,"href":"https:\/\/zonaroja.com.mx\/index.php?rest_route=%2Fwp%2Fv2%2Fcategories&post=66567"},{"taxonomy":"post_tag","embeddable":true,"href":"https:\/\/zonaroja.com.mx\/index.php?rest_route=%2Fwp%2Fv2%2Ftags&post=66567"}],"curies":[{"name":"wp","href":"https:\/\/api.w.org\/{rel}","templated":true}]}}