{"id":66569,"date":"2024-03-23T19:28:35","date_gmt":"2024-03-24T01:28:35","guid":{"rendered":"http:\/\/www.zonaroja.com.mx\/?p=66569"},"modified":"2024-03-23T19:28:36","modified_gmt":"2024-03-24T01:28:36","slug":"registra-oaxaca-cinco-homicidios-este-sabado-en-valles-y-en-el-istmo","status":"publish","type":"post","link":"https:\/\/zonaroja.com.mx\/?p=66569","title":{"rendered":"Registra Oaxaca cinco homicidios este s\u00e1bado, en Valles y en el Istmo"},"content":{"rendered":"\n<p>Ismael Garc\u00eda M.\/Zona Roja.<\/p>\n\n\n\n<p>Oaxaca de Ju\u00e1rez, Oax., a 23 de marzo de 2024.- Un hombre y una mujer de edad avanzada fueron asesinadas la tarde de este s\u00e1bado en el interior de su camioneta, en el municipio de San Pedro Ixtlahuaca, abandonado por el edil Roberto P\u00e9rez Delgado, quien busca la senadur\u00eda por el Partido Verde Ecologista de M\u00e9xico.<\/p>\n\n\n\n<p>Alrededor de las 13:18 horas las corporaciones policiacas recibieron el reporte del homicidio y tras ello, en el camino viejo a San Andr\u00e9s Ixtlahuaca, a la altura del arroyo \u201cAgua Fr\u00eda\u201d, localizaron una camioneta marca Ford 150, color roja, con placas de circulaci\u00f3n RX5869A del estado de Oaxaca.<\/p>\n\n\n\n<p>En el interior se observan dos cuerpos sin signos vitales, un hombre de aproximadamente 60 a\u00f1os de edad, y una mujer de unos 50 a\u00f1os.<\/p>\n\n\n\n<p>Presentan impactos de arma de fuego en el cuerpo y hasta el momento las v\u00edctimas no han sido identificadas.<\/p>\n\n\n\n<p>EN XADANI<\/p>\n\n\n\n<p>Por otra parte, en Santa Mar\u00eda Xadani, municipio de la regi\u00f3n del Istmo colindante con Juchit\u00e1n de Zaragoza, fueron localizados tres cuerpos, presuntamente de masculinos, en estado de descomposici\u00f3n.<\/p>\n\n\n\n<p>Presentan impactos de arma de fuego y se hallaron en un camino de terracer\u00eda que comunica de Xadani a \u00c1lvaro Obreg\u00f3n, agencia de Juchit\u00e1n.<\/p>\n\n\n\n<p>Por el avanzado estado de descomposici\u00f3n, las v\u00edctimas a\u00fan no han podido ser identificadas.<\/p>\n\n\n\n<p>Personal de la Fiscal\u00eda General del Estado de Oaxaca inici\u00f3 las indagatorias correspondientes.<\/p>\n","protected":false},"excerpt":{"rendered":"<p>Ismael Garc\u00eda M.\/Zona Roja. Oaxaca de Ju\u00e1rez, Oax., a 23 de marzo de 2024.- Un&hellip;<\/p>\n","protected":false},"author":2,"featured_media":66572,"comment_status":"closed","ping_status":"open","sticky":false,"template":"","format":"standard","meta":{"_lmt_disableupdate":"","_lmt_disable":"","_jetpack_memberships_contains_paid_content":false,"footnotes":""},"categories":[109,51],"tags":[2140,1296],"class_list":["post-66569","post","type-post","status-publish","format-standard","has-post-thumbnail","hentry","category-minuto-a-minuto","category-zona-roja","tag-san-pedro-ixtlahuaca","tag-santa-maria-xadani"],"jetpack_featured_media_url":"https:\/\/zonaroja.com.mx\/wp-content\/uploads\/2024\/03\/Ejecutados-hombre-y-mujer-en-San-Pedro-Ixtlahuaca.jpg","jetpack_sharing_enabled":true,"_links":{"self":[{"href":"https:\/\/zonaroja.com.mx\/index.php?rest_route=\/wp\/v2\/posts\/66569","targetHints":{"allow":["GET"]}}],"collection":[{"href":"https:\/\/zonaroja.com.mx\/index.php?rest_route=\/wp\/v2\/posts"}],"about":[{"href":"https:\/\/zonaroja.com.mx\/index.php?rest_route=\/wp\/v2\/types\/post"}],"author":[{"embeddable":true,"href":"https:\/\/zonaroja.com.mx\/index.php?rest_route=\/wp\/v2\/users\/2"}],"replies":[{"embeddable":true,"href":"https:\/\/zonaroja.com.mx\/index.php?rest_route=%2Fwp%2Fv2%2Fcomments&post=66569"}],"version-history":[{"count":1,"href":"https:\/\/zonaroja.com.mx\/index.php?rest_route=\/wp\/v2\/posts\/66569\/revisions"}],"predecessor-version":[{"id":66573,"href":"https:\/\/zonaroja.com.mx\/index.php?rest_route=\/wp\/v2\/posts\/66569\/revisions\/66573"}],"wp:featuredmedia":[{"embeddable":true,"href":"https:\/\/zonaroja.com.mx\/index.php?rest_route=\/wp\/v2\/media\/66572"}],"wp:attachment":[{"href":"https:\/\/zonaroja.com.mx\/index.php?rest_route=%2Fwp%2Fv2%2Fmedia&parent=66569"}],"wp:term":[{"taxonomy":"category","embeddable":true,"href":"https:\/\/zonaroja.com.mx\/index.php?rest_route=%2Fwp%2Fv2%2Fcategories&post=66569"},{"taxonomy":"post_tag","embeddable":true,"href":"https:\/\/zonaroja.com.mx\/index.php?rest_route=%2Fwp%2Fv2%2Ftags&post=66569"}],"curies":[{"name":"wp","href":"https:\/\/api.w.org\/{rel}","templated":true}]}}