{"id":66574,"date":"2024-03-23T19:52:10","date_gmt":"2024-03-24T01:52:10","guid":{"rendered":"http:\/\/www.zonaroja.com.mx\/?p=66574"},"modified":"2024-03-23T19:52:11","modified_gmt":"2024-03-24T01:52:11","slug":"confirma-tribunal-que-suprimieron-identidad-de-hermanos-gomez-conzatti","status":"publish","type":"post","link":"https:\/\/zonaroja.com.mx\/?p=66574","title":{"rendered":"Confirma Tribunal que suprimieron identidad de hermanos G\u00f3mez Conzatti"},"content":{"rendered":"\n<p>Redacci\u00f3n\/Zona Roja.<\/p>\n\n\n\n<p>Oaxaca de Ju\u00e1rez, Oax., a 23 de marzo de 2024.\u2013 El Segundo Tribunal Colegiado concedi\u00f3 un amparo a los hermanos G\u00f3mez Conzatti \u2013Caleb, Herbe y Ashmar\u2013, v\u00edctimas de supresi\u00f3n de identidad con fines de despojo por funcionarios del gobierno de Alejandro Murat Hinojosa, cuya resoluci\u00f3n es inapelable para que les sean restituidos sus derechos en relaci\u00f3n al nombre, filiaci\u00f3n, identidad y personalidad jur\u00eddica.<\/p>\n\n\n\n<p>Caleb G\u00f3mez Conzatti resalt\u00f3 que tuvieron que pasar cuatro a\u00f1os para que el Poder Judicial les concedieran una resoluci\u00f3n inapelable, definitiva, pero que adem\u00e1s se le diera vista al Ministerio P\u00fablico de la Federaci\u00f3n ante la \u201cevidencia de delitos\u201d.<\/p>\n\n\n\n<p>\u201cLas pruebas analizadas demuestran suficientemente que en la direcci\u00f3n del<\/p>\n\n\n\n<p>@RegCivil_GobOax exist\u00edan los registros de nacimiento a nombre de los quejosos [hermanos G\u00f3mez Conzatti], pero por alguna raz\u00f3n que se desconoce fueron suprimidos o alterados [&#8230;] en los libros f\u00edsicos y en las bases de datos [&#8230;] m\u00e1s aun porque no obra prueba que justifique que ello hubiere obedecido a alguna resoluci\u00f3n o sentencia emitida por la autoridad judicial en alg\u00fan juicio o procedimiento[&#8230;]\u201d, argumentaron los magistrados.<\/p>\n\n\n\n<p>G\u00f3mez Conzatti poste\u00f3 en su cuenta X: \u201cUn Tribunal Colegiado revoca el sobreseimiento de un Juez del #CarteldelDespojo; y ampara y protege a los #HermanosConzatti vs actos del @RegCivil_GobOax por suprimir sus registros de nacimiento. \u00bf@LicJorgeMerlo&nbsp;porque pasar\u00eda algo as\u00ed?\u201d.<\/p>\n\n\n\n<p>En entrevista manifest\u00f3 que este amparo confirma que en el sexenio del expriista y ahora morenista Alejandro Murat Hinojosa \u201cel gobierno desaparece gente para despojarlos de sus propiedades. No hay duda, el C\u00e1rtel del Despojo es una operaci\u00f3n de Estado\u201d.<\/p>\n\n\n\n<p>Se quej\u00f3 que, desde el 2020, el juez segundo de Distrito, Fidel Gallegos Figueroa, en dos ocasiones sobresey\u00f3 el amparo, la primera vez lo hizo aprovechando el cl\u00e1sico \u201csabadazo\u201d, cuando consider\u00f3 que no exist\u00eda violaci\u00f3n de derechos humanos, y la segunda ocasi\u00f3n sostuvo que el acto reclamado ya no causaba perjuicio e insisti\u00f3 en que se trataba de un problema de filiaci\u00f3n.<\/p>\n\n\n\n<p>Ahora, por unanimidad, los magistrados resuelven que esto no es sobreseimiento y entran a estudiar el fondo del asunto para concluir que hay pruebas suficientes de que estaban inscritos en los libros y despu\u00e9s fueron desaparecidos.<\/p>\n\n\n\n<p>\u201cEl logro es que es inapelable. Despu\u00e9s de cuatro a\u00f1os tienen una resoluci\u00f3n y evidencia que toda esta red de corrupci\u00f3n alcanza al Poder Judicial con el juez por inepto y corrupto\u201d, puntualiza G\u00f3mez Conzatti.<\/p>\n\n\n\n<p>Esto confirma que en el sexenio pasado se suprim\u00edan identidades para despojarlos de sus propiedades, muestra de ello es que existen mil 400 carpetas de investigaci\u00f3n por despojo del 2021 a 2022, con miles de v\u00edctimas del C\u00e1rtel del Despojo.<\/p>\n\n\n\n<p>Ahora, lo que esperan es que el gobierno acate estas resoluciones judiciales y se castiguen a los que participaron en estas redes de corrupci\u00f3n y de despojo.<\/p>\n\n\n\n<p>(Informaci\u00f3n de la agencia Proceso)<\/p>\n","protected":false},"excerpt":{"rendered":"<p>Redacci\u00f3n\/Zona Roja. Oaxaca de Ju\u00e1rez, Oax., a 23 de marzo de 2024.\u2013 El Segundo Tribunal&hellip;<\/p>\n","protected":false},"author":2,"featured_media":27697,"comment_status":"closed","ping_status":"open","sticky":false,"template":"","format":"standard","meta":{"_lmt_disableupdate":"","_lmt_disable":"","_jetpack_memberships_contains_paid_content":false,"footnotes":""},"categories":[109,47],"tags":[3883],"class_list":["post-66574","post","type-post","status-publish","format-standard","has-post-thumbnail","hentry","category-minuto-a-minuto","category-zona-gris","tag-gomez-conzatti"],"jetpack_featured_media_url":"https:\/\/zonaroja.com.mx\/wp-content\/uploads\/2021\/05\/Conferencia-identidad-Conzatti.jpg","jetpack_sharing_enabled":true,"_links":{"self":[{"href":"https:\/\/zonaroja.com.mx\/index.php?rest_route=\/wp\/v2\/posts\/66574","targetHints":{"allow":["GET"]}}],"collection":[{"href":"https:\/\/zonaroja.com.mx\/index.php?rest_route=\/wp\/v2\/posts"}],"about":[{"href":"https:\/\/zonaroja.com.mx\/index.php?rest_route=\/wp\/v2\/types\/post"}],"author":[{"embeddable":true,"href":"https:\/\/zonaroja.com.mx\/index.php?rest_route=\/wp\/v2\/users\/2"}],"replies":[{"embeddable":true,"href":"https:\/\/zonaroja.com.mx\/index.php?rest_route=%2Fwp%2Fv2%2Fcomments&post=66574"}],"version-history":[{"count":1,"href":"https:\/\/zonaroja.com.mx\/index.php?rest_route=\/wp\/v2\/posts\/66574\/revisions"}],"predecessor-version":[{"id":66575,"href":"https:\/\/zonaroja.com.mx\/index.php?rest_route=\/wp\/v2\/posts\/66574\/revisions\/66575"}],"wp:featuredmedia":[{"embeddable":true,"href":"https:\/\/zonaroja.com.mx\/index.php?rest_route=\/wp\/v2\/media\/27697"}],"wp:attachment":[{"href":"https:\/\/zonaroja.com.mx\/index.php?rest_route=%2Fwp%2Fv2%2Fmedia&parent=66574"}],"wp:term":[{"taxonomy":"category","embeddable":true,"href":"https:\/\/zonaroja.com.mx\/index.php?rest_route=%2Fwp%2Fv2%2Fcategories&post=66574"},{"taxonomy":"post_tag","embeddable":true,"href":"https:\/\/zonaroja.com.mx\/index.php?rest_route=%2Fwp%2Fv2%2Ftags&post=66574"}],"curies":[{"name":"wp","href":"https:\/\/api.w.org\/{rel}","templated":true}]}}