{"id":66581,"date":"2024-03-24T08:44:00","date_gmt":"2024-03-24T14:44:00","guid":{"rendered":"http:\/\/www.zonaroja.com.mx\/?p=66581"},"modified":"2024-03-24T07:05:24","modified_gmt":"2024-03-24T13:05:24","slug":"ejecutan-a-individuo-en-miahuatlan-sumaron-6-homicidios-en-oaxaca","status":"publish","type":"post","link":"https:\/\/zonaroja.com.mx\/?p=66581","title":{"rendered":"Ejecutan a individuo en Miahuatl\u00e1n; sumaron 6 homicidios en Oaxaca"},"content":{"rendered":"\n<p>Redacci\u00f3n\/Zona Roja.<\/p>\n\n\n\n<p>Oaxaca de Ju\u00e1rez, Oax., a 24 de marzo de 2024.- Una persona del sexo masculino fue ejecutada a balazos ayer por la tarde-noche en Miahuatl\u00e1n de Porfirio D\u00edaz.<\/p>\n\n\n\n<p>El municipio es gobernado por el edil Jos\u00e9 Alberto Mart\u00ednez Luna, militante del Frente Popular Revolucionario y postulado por el Partido Unidad Popular, en cuya administraci\u00f3n se han incrementado los delitos.<\/p>\n\n\n\n<p>El asesinato ocurri\u00f3 mientras el gobernador Salom\u00f3n Jara Cruz realizaba una gira de trabajo, seg\u00fan dio a conocer en sus redes sociales.<\/p>\n\n\n\n<p>\u201cInstalamos el Subcomit\u00e9 Regional de Prevenci\u00f3n y Combate de Incendios Forestales, y los Consejos Municipales de Protecci\u00f3n Civil y Gesti\u00f3n de Riesgos en Miahuatl\u00e1n de Porfirio D\u00edaz, para fortalecer las acciones de combate a incendios\u201d, difundi\u00f3 el mandatario a las 17:39 horas.<\/p>\n\n\n\n<p>Fue alrededor de las 18:30 horas en que se report\u00f3 el crimen de una persona del sexo masculino, de aproximadamente 25 a 30 a\u00f1os de edad, en la calle Riva Palacio del centro del municipio.<\/p>\n\n\n\n<p>Pese a que el municipio se hallaba lleno de polic\u00edas por la visita del mandatario, no hubo personas detenidas por parte de los polic\u00edas.<\/p>\n\n\n\n<p>Ayer s\u00e1bado en total ocurrieron seis cr\u00edmenes, dos de ellos en San Pedro Ixtlahuaca, donde entre las v\u00edctimas se hall\u00f3 una mujer, y tres en Santa Mar\u00eda Xadani, municipio conurbada a Juchit\u00e1n.<\/p>\n","protected":false},"excerpt":{"rendered":"<p>Redacci\u00f3n\/Zona Roja. Oaxaca de Ju\u00e1rez, Oax., a 24 de marzo de 2024.- Una persona del&hellip;<\/p>\n","protected":false},"author":2,"featured_media":66583,"comment_status":"closed","ping_status":"open","sticky":false,"template":"","format":"standard","meta":{"_lmt_disableupdate":"","_lmt_disable":"","_jetpack_memberships_contains_paid_content":false,"footnotes":""},"categories":[109,51],"tags":[169],"class_list":["post-66581","post","type-post","status-publish","format-standard","has-post-thumbnail","hentry","category-minuto-a-minuto","category-zona-roja","tag-miahuatlan-de-porfirio-diaz"],"jetpack_featured_media_url":"https:\/\/zonaroja.com.mx\/wp-content\/uploads\/2024\/03\/Ejecutado-en-Miahuatlan.jpg","jetpack_sharing_enabled":true,"_links":{"self":[{"href":"https:\/\/zonaroja.com.mx\/index.php?rest_route=\/wp\/v2\/posts\/66581","targetHints":{"allow":["GET"]}}],"collection":[{"href":"https:\/\/zonaroja.com.mx\/index.php?rest_route=\/wp\/v2\/posts"}],"about":[{"href":"https:\/\/zonaroja.com.mx\/index.php?rest_route=\/wp\/v2\/types\/post"}],"author":[{"embeddable":true,"href":"https:\/\/zonaroja.com.mx\/index.php?rest_route=\/wp\/v2\/users\/2"}],"replies":[{"embeddable":true,"href":"https:\/\/zonaroja.com.mx\/index.php?rest_route=%2Fwp%2Fv2%2Fcomments&post=66581"}],"version-history":[{"count":1,"href":"https:\/\/zonaroja.com.mx\/index.php?rest_route=\/wp\/v2\/posts\/66581\/revisions"}],"predecessor-version":[{"id":66584,"href":"https:\/\/zonaroja.com.mx\/index.php?rest_route=\/wp\/v2\/posts\/66581\/revisions\/66584"}],"wp:featuredmedia":[{"embeddable":true,"href":"https:\/\/zonaroja.com.mx\/index.php?rest_route=\/wp\/v2\/media\/66583"}],"wp:attachment":[{"href":"https:\/\/zonaroja.com.mx\/index.php?rest_route=%2Fwp%2Fv2%2Fmedia&parent=66581"}],"wp:term":[{"taxonomy":"category","embeddable":true,"href":"https:\/\/zonaroja.com.mx\/index.php?rest_route=%2Fwp%2Fv2%2Fcategories&post=66581"},{"taxonomy":"post_tag","embeddable":true,"href":"https:\/\/zonaroja.com.mx\/index.php?rest_route=%2Fwp%2Fv2%2Ftags&post=66581"}],"curies":[{"name":"wp","href":"https:\/\/api.w.org\/{rel}","templated":true}]}}