{"id":6659,"date":"2019-12-14T08:08:55","date_gmt":"2019-12-14T14:08:55","guid":{"rendered":"http:\/\/www.zonaroja.com.mx\/?p=6659"},"modified":"2019-12-14T08:08:58","modified_gmt":"2019-12-14T14:08:58","slug":"se-recupera-becario-del-gobierno-de-amlo-accidentado-en-tuxtepec","status":"publish","type":"post","link":"https:\/\/zonaroja.com.mx\/?p=6659","title":{"rendered":"Se recupera becario del gobierno de AMLO accidentado en Tuxtepec"},"content":{"rendered":"\n<p>Redacci\u00f3n\/Zona Roja.<\/p>\n\n\n\n<p>Oaxaca de Ju\u00e1rez, Oax., 14 de diciembre\nde 2019.- Pese a que hab\u00eda sido desahuciado por el personal m\u00e9dico del IMSS Oaxaca,\nel tuxtepecano Pedro Alberto Lezama Hern\u00e1ndez responde favorablemente a la\natenci\u00f3n especializada que recibe en la Ciudad de M\u00e9xico.<\/p>\n\n\n\n<p>As\u00ed se puede ver en un video de 44\nsegundos de duraci\u00f3n que compartieron sus familiares en redes sociales, en\ndonde el becario del programa federal \u00abJ\u00f3venes construyendo el futuro\u201d realiza\nejercicios motrices que le permitan recobrar la movilidad de sus extremidades. <\/p>\n\n\n\n<p>\u201cEst\u00e1 haciendo sus ejercicios para\npoderse restablecer muy pronto, m\u00edrenlo. 1,2,3,4,5&#8230; dedos, arriba la mano lo\nm\u00e1s que puedas, abre y cierra\u201d, se escucha en el peque\u00f1o video que da muestra\nde los ejercicios que realiza el joven de 24 a\u00f1os de edad que a\u00fan se encuentra\nen la cama de un hospital. <\/p>\n\n\n\n<p>Con un mejor semblante, Pedro Alberto se\nencuentra consiente, como se da cuenta en la publicaci\u00f3n audiovisual, e incluso\nya le fueron retirados los aparatos m\u00e9dicos con los que lo manten\u00edan estable\ndurante su ingreso al hospital y tras su traslado de la ciudad de Oaxaca a la\nCiudad de M\u00e9xico en donde contin\u00faa recibiendo atenci\u00f3n especializada.<\/p>\n\n\n\n<p>Fue el pasado 19 de noviembre que\ncomo&nbsp; becario del programa federal\n\u00abJ\u00f3venes construyendo el futuro\u201d, el tuxtepeano de 24 a\u00f1os de edad y egresado\nde la carrera de Pedagog\u00eda, fue obligado a realizar actividades en condiciones\ninseguras e inadecuadas para su perfil, en el municipio de San Juan Bautista\nTuxtepec.<\/p>\n\n\n\n<p>Debido a lo anterior sufri\u00f3 un accidente\nal viajar en la batea de una camioneta, donde tambi\u00e9n iban las l\u00e1minas y\nmontenes, que ten\u00edan que repartir y sin estar sujetadas de nada, en el\npercance&nbsp; Pedro Alberto qued\u00f3 prensado y\ncon severos da\u00f1os en sus \u00f3rganos vitales.<\/p>\n\n\n\n<p>M\u00e9dicos en Tuxtepec y luego en la\ncapital de Oaxaca no le daban esperanza de vida&nbsp;\nal joven, por lo que fue trasladado a la Ciudad de Mexico, donde al\njuzgar por las im\u00e1genes responde favorablemente.<\/p>\n","protected":false},"excerpt":{"rendered":"<p>Redacci\u00f3n\/Zona Roja. Oaxaca de Ju\u00e1rez, Oax., 14 de diciembre de 2019.- Pese a que hab\u00eda&hellip;<\/p>\n","protected":false},"author":2,"featured_media":6344,"comment_status":"closed","ping_status":"open","sticky":false,"template":"","format":"standard","meta":{"_lmt_disableupdate":"","_lmt_disable":"","_jetpack_memberships_contains_paid_content":false,"footnotes":""},"categories":[109,47],"tags":[1064],"class_list":["post-6659","post","type-post","status-publish","format-standard","has-post-thumbnail","hentry","category-minuto-a-minuto","category-zona-gris","tag-pedro-alberto-lezama-hernandez"],"jetpack_featured_media_url":"https:\/\/zonaroja.com.mx\/wp-content\/uploads\/2019\/12\/img_5533-1.png","jetpack_sharing_enabled":true,"_links":{"self":[{"href":"https:\/\/zonaroja.com.mx\/index.php?rest_route=\/wp\/v2\/posts\/6659","targetHints":{"allow":["GET"]}}],"collection":[{"href":"https:\/\/zonaroja.com.mx\/index.php?rest_route=\/wp\/v2\/posts"}],"about":[{"href":"https:\/\/zonaroja.com.mx\/index.php?rest_route=\/wp\/v2\/types\/post"}],"author":[{"embeddable":true,"href":"https:\/\/zonaroja.com.mx\/index.php?rest_route=\/wp\/v2\/users\/2"}],"replies":[{"embeddable":true,"href":"https:\/\/zonaroja.com.mx\/index.php?rest_route=%2Fwp%2Fv2%2Fcomments&post=6659"}],"version-history":[{"count":1,"href":"https:\/\/zonaroja.com.mx\/index.php?rest_route=\/wp\/v2\/posts\/6659\/revisions"}],"predecessor-version":[{"id":6660,"href":"https:\/\/zonaroja.com.mx\/index.php?rest_route=\/wp\/v2\/posts\/6659\/revisions\/6660"}],"wp:featuredmedia":[{"embeddable":true,"href":"https:\/\/zonaroja.com.mx\/index.php?rest_route=\/wp\/v2\/media\/6344"}],"wp:attachment":[{"href":"https:\/\/zonaroja.com.mx\/index.php?rest_route=%2Fwp%2Fv2%2Fmedia&parent=6659"}],"wp:term":[{"taxonomy":"category","embeddable":true,"href":"https:\/\/zonaroja.com.mx\/index.php?rest_route=%2Fwp%2Fv2%2Fcategories&post=6659"},{"taxonomy":"post_tag","embeddable":true,"href":"https:\/\/zonaroja.com.mx\/index.php?rest_route=%2Fwp%2Fv2%2Ftags&post=6659"}],"curies":[{"name":"wp","href":"https:\/\/api.w.org\/{rel}","templated":true}]}}