{"id":66590,"date":"2024-03-24T11:00:00","date_gmt":"2024-03-24T17:00:00","guid":{"rendered":"http:\/\/www.zonaroja.com.mx\/?p=66590"},"modified":"2024-03-24T07:15:16","modified_gmt":"2024-03-24T13:15:16","slug":"aseguran-en-el-centro-de-la-ciudad-de-oaxaca-a-33-migrantes","status":"publish","type":"post","link":"https:\/\/zonaroja.com.mx\/?p=66590","title":{"rendered":"Aseguran en el centro de la ciudad de Oaxaca a 33 migrantes"},"content":{"rendered":"\n<p>Redacci\u00f3n\/Zona Roja.&nbsp;<\/p>\n\n\n\n<p>Oaxaca de Ju\u00e1rez, Oax., a 24 de marzo de 2024.- En el marco del Operativo \u201cOaxaca Segura\u201d, elementos de la Polic\u00eda Estatal aseguraron a 33 personas extranjeras en situaci\u00f3n migratoria irregular cuando eran trasladadas a bordo de un autob\u00fas, en inmediaciones de la prolongaci\u00f3n de Fiallo de la ciudad de Oaxaca.<\/p>\n\n\n\n<p>La Secretar\u00eda de Seguridad y Protecci\u00f3n Ciudadana (SSPC) inform\u00f3 que en atenci\u00f3n a un reporte del Centro de Control, Comando y Comunicaci\u00f3n (C4), alrededor de las 23:00 horas de este jueves, el personal uniformado detuvo un autob\u00fas con n\u00famero econ\u00f3mico 1034 que transportaba 31 personas adultas y dos ni\u00f1os extranjeros.<\/p>\n\n\n\n<p>El Instituto Nacional de Migraci\u00f3n (INM) se hizo cargo de las personas migrantes, mientras que el conductor identificado como Emmanuel \u201cN\u201d, de 33 a\u00f1os, fue puesto a disposici\u00f3n de la Fiscal\u00eda General de la Rep\u00fablica (FGR) para los efectos legales que resulten.<\/p>\n\n\n\n<p>En tanto, las corporaciones adscritas a la SSPC, mantienen sus labores de prevenci\u00f3n y vigilancia en las ocho regiones de la entidad.<\/p>\n","protected":false},"excerpt":{"rendered":"<p>Redacci\u00f3n\/Zona Roja.&nbsp; Oaxaca de Ju\u00e1rez, Oax., a 24 de marzo de 2024.- En el marco&hellip;<\/p>\n","protected":false},"author":2,"featured_media":66591,"comment_status":"closed","ping_status":"open","sticky":false,"template":"","format":"standard","meta":{"_lmt_disableupdate":"","_lmt_disable":"","_jetpack_memberships_contains_paid_content":false,"footnotes":""},"categories":[109,46],"tags":[820],"class_list":["post-66590","post","type-post","status-publish","format-standard","has-post-thumbnail","hentry","category-minuto-a-minuto","category-zona-blanca","tag-secretaria-de-seguridad-y-proteccion-ciudadana"],"jetpack_featured_media_url":"https:\/\/zonaroja.com.mx\/wp-content\/uploads\/2024\/03\/Migrantes-recuperados-SSPC.jpeg","jetpack_sharing_enabled":true,"_links":{"self":[{"href":"https:\/\/zonaroja.com.mx\/index.php?rest_route=\/wp\/v2\/posts\/66590","targetHints":{"allow":["GET"]}}],"collection":[{"href":"https:\/\/zonaroja.com.mx\/index.php?rest_route=\/wp\/v2\/posts"}],"about":[{"href":"https:\/\/zonaroja.com.mx\/index.php?rest_route=\/wp\/v2\/types\/post"}],"author":[{"embeddable":true,"href":"https:\/\/zonaroja.com.mx\/index.php?rest_route=\/wp\/v2\/users\/2"}],"replies":[{"embeddable":true,"href":"https:\/\/zonaroja.com.mx\/index.php?rest_route=%2Fwp%2Fv2%2Fcomments&post=66590"}],"version-history":[{"count":1,"href":"https:\/\/zonaroja.com.mx\/index.php?rest_route=\/wp\/v2\/posts\/66590\/revisions"}],"predecessor-version":[{"id":66592,"href":"https:\/\/zonaroja.com.mx\/index.php?rest_route=\/wp\/v2\/posts\/66590\/revisions\/66592"}],"wp:featuredmedia":[{"embeddable":true,"href":"https:\/\/zonaroja.com.mx\/index.php?rest_route=\/wp\/v2\/media\/66591"}],"wp:attachment":[{"href":"https:\/\/zonaroja.com.mx\/index.php?rest_route=%2Fwp%2Fv2%2Fmedia&parent=66590"}],"wp:term":[{"taxonomy":"category","embeddable":true,"href":"https:\/\/zonaroja.com.mx\/index.php?rest_route=%2Fwp%2Fv2%2Fcategories&post=66590"},{"taxonomy":"post_tag","embeddable":true,"href":"https:\/\/zonaroja.com.mx\/index.php?rest_route=%2Fwp%2Fv2%2Ftags&post=66590"}],"curies":[{"name":"wp","href":"https:\/\/api.w.org\/{rel}","templated":true}]}}