{"id":66598,"date":"2024-03-24T13:31:00","date_gmt":"2024-03-24T19:31:00","guid":{"rendered":"http:\/\/www.zonaroja.com.mx\/?p=66598"},"modified":"2024-03-24T07:54:28","modified_gmt":"2024-03-24T13:54:28","slug":"actualizan-leyes-en-materia-ambiental-para-oaxaca","status":"publish","type":"post","link":"https:\/\/zonaroja.com.mx\/?p=66598","title":{"rendered":"Actualizan leyes en materia ambiental para Oaxaca"},"content":{"rendered":"\n<p>Redacci\u00f3n\/Zona Roja.&nbsp;<\/p>\n\n\n\n<p>Oaxaca de Ju\u00e1rez, Oax., a 24 de marzo de 2024.- En sesi\u00f3n ordinaria reciente, el pleno de la 65 Legislatura local aprob\u00f3 cuatro iniciativas de reforma en materia de medio ambiente, mediante las cuales se establecen lineamientos para la conducci\u00f3n de la pol\u00edtica ambiental, el fomento de la electromovilidad y la creaci\u00f3n de empleos verdes, principalmente.<\/p>\n\n\n\n<p>Se trata de la reforma a la fracci\u00f3n XXV del art\u00edculo 10 de la Ley de Cambio Clim\u00e1tico para el Estado de Oaxaca, en la cual se plantea garantizar una mejor calidad del aire con el uso de medios de transporte alternativos.<\/p>\n\n\n\n<p>Con este cambio en la ley, aprobado con 29 votos a favor, se establece como atribuciones de la Comisi\u00f3n Intersecretarial de Cambio Clim\u00e1tico, implementar estrategias, acciones y programas integrales basados en evidencias cient\u00edficas para mitigar las emisiones de contaminantes mediante el impulso de la movilidad no motorizada, la electromovilidad y el transporte eficiente, sustentable, p\u00fablico y privado.<\/p>\n\n\n\n<p>Con ello, se busca crear un medio ambiente sano y en armon\u00eda con la naturaleza, por lo que es necesario crear una movilidad sustentable donde las personas puedan desplazarse libremente utilizando artefactos que no produzcan alg\u00fan tipo de contaminaci\u00f3n, adem\u00e1s de que se deben generar las condiciones para un desplazamiento seguro, desde el uso de equipamiento de transporte p\u00fablico colectivo, hasta medios de transporte no motorizados.<\/p>\n\n\n\n<p>En este sentido, tambi\u00e9n se aprob\u00f3 con 29 votos a favor la reforma a los art\u00edculos 2, 3 y 19 de la mencionada ley, para la creaci\u00f3n y el fomento de los \u00abempleos verdes\u00bb, los cuales son aquellos que contribuyen a proteger, conservar, preservar, restaurar y mejorar el medio ambiente en cualquier sector econ\u00f3mico, as\u00ed como a transitar hacia una econom\u00eda sustentable.<\/p>\n\n\n\n<p>Asimismo, mediante estos empleos se busca reducir el impacto ambiental de los sectores econ\u00f3micos, aumentando la eficiencia del consumo de energ\u00eda, materias primas y agua, descarbonizando la econom\u00eda y reduciendo la emisi\u00f3n de compuestos y gases de efecto invernadero, minimizando o evitando cualquier forma de residuo y contaminaci\u00f3n, protegiendo y restaurando los ecosistemas y la biodiversidad, y que permiten adaptarse a los efectos adversos del cambio clim\u00e1tico y fortalecer la resiliencia.<\/p>\n\n\n\n<p>Por otra parte, tambi\u00e9n el Pleno aprob\u00f3 con 29 votos a favor la reforma al art\u00edculo 9 de la Ley de Equilibrio Ecol\u00f3gico y Protecci\u00f3n al Ambiente para el Estado de Oaxaca, mediante la cual se establecen los principios que regir\u00e1n la formulaci\u00f3n y conducci\u00f3n de la pol\u00edtica ambiental en la entidad.<\/p>\n\n\n\n<p>Y con 28 votos a favor, el Pleno reform\u00f3 los art\u00edculos 4, 26 y 170 de la Ley de Equilibrio Ecol\u00f3gico y Protecci\u00f3n al Ambiente de Oaxaca; y las fracciones I, II, IV, VI, VII, VIII, IX, XI, XII, y XIII de la Ley de Cambio Clim\u00e1tico para el Estado, con el fin de armonizar los nombres de las diferentes dependencias que fueron modificadas, derivado de la reforma a la Ley Org\u00e1nica del Poder Ejecutivo aprobada el 23 de noviembre de 2022.<\/p>\n","protected":false},"excerpt":{"rendered":"<p>Redacci\u00f3n\/Zona Roja.&nbsp; Oaxaca de Ju\u00e1rez, Oax., a 24 de marzo de 2024.- En sesi\u00f3n ordinaria&hellip;<\/p>\n","protected":false},"author":2,"featured_media":66599,"comment_status":"closed","ping_status":"open","sticky":false,"template":"","format":"standard","meta":{"_lmt_disableupdate":"","_lmt_disable":"","_jetpack_memberships_contains_paid_content":false,"footnotes":""},"categories":[109,46,52],"tags":[2743],"class_list":["post-66598","post","type-post","status-publish","format-standard","has-post-thumbnail","hentry","category-minuto-a-minuto","category-zona-blanca","category-zona-verde","tag-65-legislatura-del-estado-de-oaxaca"],"jetpack_featured_media_url":"https:\/\/zonaroja.com.mx\/wp-content\/uploads\/2024\/03\/Aprueba-Congreso-cuatro-iniciativas-de-reforma-en-materia-de-medio-ambiente-en-Oaxaca-.jpeg","jetpack_sharing_enabled":true,"_links":{"self":[{"href":"https:\/\/zonaroja.com.mx\/index.php?rest_route=\/wp\/v2\/posts\/66598","targetHints":{"allow":["GET"]}}],"collection":[{"href":"https:\/\/zonaroja.com.mx\/index.php?rest_route=\/wp\/v2\/posts"}],"about":[{"href":"https:\/\/zonaroja.com.mx\/index.php?rest_route=\/wp\/v2\/types\/post"}],"author":[{"embeddable":true,"href":"https:\/\/zonaroja.com.mx\/index.php?rest_route=\/wp\/v2\/users\/2"}],"replies":[{"embeddable":true,"href":"https:\/\/zonaroja.com.mx\/index.php?rest_route=%2Fwp%2Fv2%2Fcomments&post=66598"}],"version-history":[{"count":1,"href":"https:\/\/zonaroja.com.mx\/index.php?rest_route=\/wp\/v2\/posts\/66598\/revisions"}],"predecessor-version":[{"id":66600,"href":"https:\/\/zonaroja.com.mx\/index.php?rest_route=\/wp\/v2\/posts\/66598\/revisions\/66600"}],"wp:featuredmedia":[{"embeddable":true,"href":"https:\/\/zonaroja.com.mx\/index.php?rest_route=\/wp\/v2\/media\/66599"}],"wp:attachment":[{"href":"https:\/\/zonaroja.com.mx\/index.php?rest_route=%2Fwp%2Fv2%2Fmedia&parent=66598"}],"wp:term":[{"taxonomy":"category","embeddable":true,"href":"https:\/\/zonaroja.com.mx\/index.php?rest_route=%2Fwp%2Fv2%2Fcategories&post=66598"},{"taxonomy":"post_tag","embeddable":true,"href":"https:\/\/zonaroja.com.mx\/index.php?rest_route=%2Fwp%2Fv2%2Ftags&post=66598"}],"curies":[{"name":"wp","href":"https:\/\/api.w.org\/{rel}","templated":true}]}}