{"id":66603,"date":"2024-03-24T08:05:09","date_gmt":"2024-03-24T14:05:09","guid":{"rendered":"http:\/\/www.zonaroja.com.mx\/?p=66603"},"modified":"2024-03-24T08:05:11","modified_gmt":"2024-03-24T14:05:11","slug":"nuestras-obras-faraonicas-seran-escuelas-y-hospitales-xochitl-galvez","status":"publish","type":"post","link":"https:\/\/zonaroja.com.mx\/?p=66603","title":{"rendered":"Nuestras obras fara\u00f3nicas ser\u00e1n escuelas y hospitales: X\u00f3chitl G\u00e1lvez"},"content":{"rendered":"\n<p>Redacci\u00f3n\/Zona Roja Cdmx.<\/p>\n\n\n\n<p>Ciudad de M\u00e9xico, a 24 de marzo de 2024.- La candidata presidencial del PAN, PRI y PRD, X\u00f3chitl G\u00e1lvez, anunci\u00f3 que las obras emblem\u00e1ticas que impulsar\u00e1 durante su gobierno estar\u00e1n centradas en las \u00e1reas de salud, educaci\u00f3n y seguridad p\u00fablica.<\/p>\n\n\n\n<p>En Salina Cruz, Oaxaca, donde se reuni\u00f3 con usuarios del IMSS, asegur\u00f3 que la epidemia de diabetes en M\u00e9xico afecta la vida de m\u00e1s de 12 millones de personas y mucha gente no sabe que tiene esta enfermedad.<\/p>\n\n\n\n<p>Enfatiz\u00f3 que, en el 2022, al menos 115 mil personas murieron por consecuencia de la diabetes y que Oaxaca, junto con Veracruz, Puebla, Morelos y Tabasco, son las entidades con mayor tasa de defunci\u00f3n por este padecimiento.<\/p>\n\n\n\n<p>\u201cNuestras obras fara\u00f3nicas van a estar en los hospitales, en las escuelas, le vamos a apostar a la seguridad p\u00fablica porque nosotros creemos que la gente quiere vivir en paz, quiere vivir sin miedo a enfermarse, vivir sin miedo a salir a la calle\u201d, dijo durante el encuentro.<\/p>\n\n\n\n<p>En el lugar escuch\u00f3 a mujeres y hombres afectados por la falta de atenci\u00f3n m\u00e9dica y medicinas, donde se comprometi\u00f3 a implementar programas de prevenci\u00f3n y tratamiento para combatir enfermedades cr\u00f3nicas.<\/p>\n\n\n\n<p>\u201cHoy me vengo a comprometer con todos los oaxaque\u00f1os, con todos los mexicanos, a que le vamos a entrar de lleno al problema de la diabetes. Vamos a declararle la guerra a la diabetes, al c\u00e1ncer y a las enfermedades cardiovasculares para que los mexicanos podamos tener una mejor calidad de vida\u201d, sostuvo.<\/p>\n\n\n\n<p>En su mensaje, critic\u00f3 que este gobierno ha privatizado la salud, porque durante este sexenio crecieron las consultas en farmacias y en hospitales privados.<\/p>\n\n\n\n<p>G\u00e1lvez Ruiz explic\u00f3 a los asistentes que su propuesta tambi\u00e9n contempla invertir en tecnolog\u00eda para tener consultas por telemedicina, no solamente en materia de salud f\u00edsica, sino tambi\u00e9n psicol\u00f3gica.<\/p>\n\n\n\n<p>PETICI\u00d3N DE HOTELEROS<\/p>\n\n\n\n<p>Los empresarios del sector tur\u00edstico de Huatulco le entregaron&nbsp; a X\u00f3chitl G\u00e1lvez una carta en la que enumeraron las consecuencias de la desaparici\u00f3n del Fondo Nacional de Turismo (Fonatur) mismo que promov\u00eda a las Bah\u00edas de Huatulco y apoyaba en la gesti\u00f3n de recursos para el mantenimiento, desarrollo y modernizaci\u00f3n de este destino.<\/p>\n\n\n\n<p>\u201cSeguimos muy puntualmente todo tu pronunciamiento en materia de turismo, el reestructurar a Fonatur, el volverle a dar la fuerza que debe tener ese organismo\u201d, afirm\u00f3 Gotr\u00e1n Orozco, de la Asociaci\u00f3n de Desarrolladores Inmobiliarios y Tur\u00edsticos de Huatulco.<\/p>\n\n\n\n<p>X\u00f3chitl G\u00e1lvez se\u00f1al\u00f3 que cuando llegue a la Presidencia, no se tomar\u00e1n que puedan afectar el desarrollo tur\u00edstico.<\/p>\n\n\n\n<p>Ap\u00f3yenme, ya saben que ganando vamos a sentarnos a resolver los problemas juntos, yo no traigo ni filias ni fobias y vamos a trabajar juntos\u201d, dijo la candidata presidencial del PAN, PRI y PRD.<\/p>\n\n\n\n<p>Por la tarde-noche, X\u00f3chitl G\u00e1lvez Ruiz sostuvo un encuentro con la militancia de los tres partidos, en el municipio de Santo Domingo Tehuantepec.<\/p>\n\n\n\n<p>(Informaci\u00f3n de \u201cExc\u00e9lsior\u201d)<\/p>\n","protected":false},"excerpt":{"rendered":"<p>Redacci\u00f3n\/Zona Roja Cdmx. Ciudad de M\u00e9xico, a 24 de marzo de 2024.- La candidata presidencial&hellip;<\/p>\n","protected":false},"author":2,"featured_media":66604,"comment_status":"closed","ping_status":"open","sticky":false,"template":"","format":"standard","meta":{"_lmt_disableupdate":"","_lmt_disable":"","_jetpack_memberships_contains_paid_content":false,"footnotes":""},"categories":[109,46],"tags":[3580,3601],"class_list":["post-66603","post","type-post","status-publish","format-standard","has-post-thumbnail","hentry","category-minuto-a-minuto","category-zona-blanca","tag-elecciones-mexico-2024","tag-xochitl-galvez-ruiz"],"jetpack_featured_media_url":"https:\/\/zonaroja.com.mx\/wp-content\/uploads\/2024\/03\/Xochitl-Galvez-en-Salina-Cruz-Oaxaca.jpeg","jetpack_sharing_enabled":true,"_links":{"self":[{"href":"https:\/\/zonaroja.com.mx\/index.php?rest_route=\/wp\/v2\/posts\/66603","targetHints":{"allow":["GET"]}}],"collection":[{"href":"https:\/\/zonaroja.com.mx\/index.php?rest_route=\/wp\/v2\/posts"}],"about":[{"href":"https:\/\/zonaroja.com.mx\/index.php?rest_route=\/wp\/v2\/types\/post"}],"author":[{"embeddable":true,"href":"https:\/\/zonaroja.com.mx\/index.php?rest_route=\/wp\/v2\/users\/2"}],"replies":[{"embeddable":true,"href":"https:\/\/zonaroja.com.mx\/index.php?rest_route=%2Fwp%2Fv2%2Fcomments&post=66603"}],"version-history":[{"count":1,"href":"https:\/\/zonaroja.com.mx\/index.php?rest_route=\/wp\/v2\/posts\/66603\/revisions"}],"predecessor-version":[{"id":66605,"href":"https:\/\/zonaroja.com.mx\/index.php?rest_route=\/wp\/v2\/posts\/66603\/revisions\/66605"}],"wp:featuredmedia":[{"embeddable":true,"href":"https:\/\/zonaroja.com.mx\/index.php?rest_route=\/wp\/v2\/media\/66604"}],"wp:attachment":[{"href":"https:\/\/zonaroja.com.mx\/index.php?rest_route=%2Fwp%2Fv2%2Fmedia&parent=66603"}],"wp:term":[{"taxonomy":"category","embeddable":true,"href":"https:\/\/zonaroja.com.mx\/index.php?rest_route=%2Fwp%2Fv2%2Fcategories&post=66603"},{"taxonomy":"post_tag","embeddable":true,"href":"https:\/\/zonaroja.com.mx\/index.php?rest_route=%2Fwp%2Fv2%2Ftags&post=66603"}],"curies":[{"name":"wp","href":"https:\/\/api.w.org\/{rel}","templated":true}]}}