{"id":66606,"date":"2024-03-24T19:09:54","date_gmt":"2024-03-25T01:09:54","guid":{"rendered":"http:\/\/www.zonaroja.com.mx\/?p=66606"},"modified":"2024-03-24T19:09:55","modified_gmt":"2024-03-25T01:09:55","slug":"suman-33-muertos-por-atentado-en-rusia-hay-11-detenidos","status":"publish","type":"post","link":"https:\/\/zonaroja.com.mx\/?p=66606","title":{"rendered":"Suman 33 muertos por atentado en Rusia; hay 11 detenidos"},"content":{"rendered":"\n<p>Redacci\u00f3n\/Zona Roja Cdmx.<\/p>\n\n\n\n<p>Ciudad de M\u00e9xico, a 24 de marzo de 2024.- \u201cNos enfrentamos no s\u00f3lo a un ataque terrorista cuidadosa y c\u00ednicamente planeado, sino a un asesinato en masa de personas pac\u00edficas e indefensas. Los delincuentes, con calma y determinaci\u00f3n, se propusieron matar, disparar a quemarropa a nuestros ciudadanos, a nuestros ni\u00f1os. Al igual que los nazis (durante la Segunda Guerra Mundial) llevaron a cabo masacres en los territorios ocupados, ahora estos decidieron montar una ejecuci\u00f3n espect\u00e1culo, un acto sangriento de intimidaci\u00f3n\u201d, afirm\u00f3 ayer el presidente Vladimir Putin.<\/p>\n\n\n\n<p>Al dirigir un mensaje a la naci\u00f3n, expres\u00f3 sus condolencias a los familiares de los 133 v\u00edctimas mortales que, de modo a\u00fan preliminar, dej\u00f3 el atentado de antier en Mosc\u00fa, y declar\u00f3 para hoy d\u00eda de duelo nacional.<\/p>\n\n\n\n<p>El jefe del Kremlin calific\u00f3 este ataque de \u201cacci\u00f3n terrorista sangrienta y b\u00e1rbara\u201d, y agreg\u00f3: \u201cTodos los ejecutores, organizadores y quienes encargaron este crimen tendr\u00e1n un castigo justo e inevitable, sea qui\u00e9n sea y qui\u00e9n los haya dirigido, vamos a identificar y castigar a todos los que est\u00e1n detr\u00e1s de los terroristas, a los que prepararon esta atrocidad, este embate contra nuestro pueblo\u201d.<\/p>\n\n\n\n<p>En cuanto a la investigaci\u00f3n de la masacre, a cargo del Comit\u00e9 de Instrucci\u00f3n de Rusia (CIR), Putin dijo que hasta este momento se sabe que \u201clos cuatro autores directos del ataque terrorista, todos los que dispararon y mataron a personas, fueron encontrados y detenidos. Intentaron huir y se dirigieron hacia Ucrania, donde, seg\u00fan datos preliminares, les hab\u00edan preparado una ventana en el lado ucranio para cruzar la frontera. Un total de 11 personas est\u00e1n detenidas\u201d.<\/p>\n\n\n\n<p>LA ADVERTENCIA<\/p>\n\n\n\n<p>La v\u00edspera del 8 de marzo, la embajada de Estados Unidos advirti\u00f3 que en las pr\u00f3ximas 48 horas podr\u00eda ocurrir un atentado en Mosc\u00fa, por lo cual recomendaba a sus ciudadanos no asistir a sitios de concentraci\u00f3n de gente.<\/p>\n\n\n\n<p>El n\u00famero oficial de v\u00edctimas mortales, dado a conocer por el Comit\u00e9 de Instrucci\u00f3n ayer, en el atentado ocurrido la noche del viernes, suma 133 personas, pero a\u00fan no es definitivo porque entre los casi 159 heridos reconocidos, seg\u00fan datos del Ministerio de Salud, hay 16 afectados, entre ellos dos menores de edad, que se encuentran ingresados y su estado es sumamente grave y el de otros 44, delicado.<\/p>\n\n\n\n<p>Asimismo, debajo de los escombros que dej\u00f3 el derrumbe del techo de la sala podr\u00eda haber m\u00e1s fallecidos, por herida de bala o por asfixia al respirar el humo del fuerte incendio que los bomberos aseguran que podr\u00edan sofocar por completo la noche de ayer. Desde temprana hora, miles de moscovitas acudieron a la principal cl\u00ednica de urgencias Sklifasovsky y a otros centros m\u00e9dicos para donar sangre, donde los m\u00e9dicos buscan salvar a los heridos.<\/p>\n\n\n\n<p>(Informaci\u00f3n de \u201cLa Jornada\u201d)<\/p>\n","protected":false},"excerpt":{"rendered":"<p>Redacci\u00f3n\/Zona Roja Cdmx. Ciudad de M\u00e9xico, a 24 de marzo de 2024.- \u201cNos enfrentamos no&hellip;<\/p>\n","protected":false},"author":2,"featured_media":66607,"comment_status":"closed","ping_status":"open","sticky":false,"template":"","format":"standard","meta":{"_lmt_disableupdate":"","_lmt_disable":"","_jetpack_memberships_contains_paid_content":false,"footnotes":""},"categories":[109,47],"tags":[3040],"class_list":["post-66606","post","type-post","status-publish","format-standard","has-post-thumbnail","hentry","category-minuto-a-minuto","category-zona-gris","tag-conflicto-ucrania-rusia-2"],"jetpack_featured_media_url":"https:\/\/zonaroja.com.mx\/wp-content\/uploads\/2024\/03\/Bladimir-Putin-Rusia.jpg.webp","jetpack_sharing_enabled":true,"_links":{"self":[{"href":"https:\/\/zonaroja.com.mx\/index.php?rest_route=\/wp\/v2\/posts\/66606","targetHints":{"allow":["GET"]}}],"collection":[{"href":"https:\/\/zonaroja.com.mx\/index.php?rest_route=\/wp\/v2\/posts"}],"about":[{"href":"https:\/\/zonaroja.com.mx\/index.php?rest_route=\/wp\/v2\/types\/post"}],"author":[{"embeddable":true,"href":"https:\/\/zonaroja.com.mx\/index.php?rest_route=\/wp\/v2\/users\/2"}],"replies":[{"embeddable":true,"href":"https:\/\/zonaroja.com.mx\/index.php?rest_route=%2Fwp%2Fv2%2Fcomments&post=66606"}],"version-history":[{"count":1,"href":"https:\/\/zonaroja.com.mx\/index.php?rest_route=\/wp\/v2\/posts\/66606\/revisions"}],"predecessor-version":[{"id":66608,"href":"https:\/\/zonaroja.com.mx\/index.php?rest_route=\/wp\/v2\/posts\/66606\/revisions\/66608"}],"wp:featuredmedia":[{"embeddable":true,"href":"https:\/\/zonaroja.com.mx\/index.php?rest_route=\/wp\/v2\/media\/66607"}],"wp:attachment":[{"href":"https:\/\/zonaroja.com.mx\/index.php?rest_route=%2Fwp%2Fv2%2Fmedia&parent=66606"}],"wp:term":[{"taxonomy":"category","embeddable":true,"href":"https:\/\/zonaroja.com.mx\/index.php?rest_route=%2Fwp%2Fv2%2Fcategories&post=66606"},{"taxonomy":"post_tag","embeddable":true,"href":"https:\/\/zonaroja.com.mx\/index.php?rest_route=%2Fwp%2Fv2%2Ftags&post=66606"}],"curies":[{"name":"wp","href":"https:\/\/api.w.org\/{rel}","templated":true}]}}