{"id":66609,"date":"2024-03-24T19:53:44","date_gmt":"2024-03-25T01:53:44","guid":{"rendered":"http:\/\/www.zonaroja.com.mx\/?p=66609"},"modified":"2024-03-24T19:53:45","modified_gmt":"2024-03-25T01:53:45","slug":"opinion-ya-no-sentimos","status":"publish","type":"post","link":"https:\/\/zonaroja.com.mx\/?p=66609","title":{"rendered":"Opini\u00f3n. Ya no sentimos"},"content":{"rendered":"\n<p>Diego Enrique Osorno*<\/p>\n\n\n\n<p>M\u00e9xico ya no libra de manera oficial una guerra del narco, como lleg\u00f3 a llamar en su momento el presidente Felipe Calder\u00f3n a la pol\u00edtica antidrogas que implement\u00f3 durante la crisis social y pol\u00edtica de su gobierno.<\/p>\n\n\n\n<p>Han llegado despu\u00e9s al poder dos presidentes que, pese a tomar distancia ret\u00f3rica del discurso b\u00e9lico, e incluso cuestionar la estrategia calderonista, no resolvieron una crisis de seguridad que se diversifica y extiende por nuevos territorios.<\/p>\n\n\n\n<p>En un intento de diagnosticar lo que nos sucede, \u201cpandemia de violencia\u201d es como llama a este fen\u00f3meno la Agenda Nacional de Paz impulsada por el Episcopado mexicano, en un documento elaborado a ras de tierra, de manera plural y sin pretender imponer dogma religioso alguno.<\/p>\n\n\n\n<p>\u201cUna de las expresiones m\u00e1s crueles de la pandemia de violencia \u2014se lee en el documento\u2014&nbsp;que ha experimentado nuestro pa\u00eds durante los \u00faltimos 15 a\u00f1os&nbsp;ha sido el incremento de todo tipo de expresiones de la violencia dirigida en contra de las mujeres, las ni\u00f1as y los ni\u00f1os; signo inequ\u00edvoco y doloroso del profundo desgarramiento de nuestro tejido social\u201d.<\/p>\n\n\n\n<p>Entre 2012 y 2023, los casos de feminicidio aumentaron un 134 por ciento. Cada d\u00eda, en promedio, 11 mujeres son asesinadas. \u201cA esto se suma la violencia sexual, econ\u00f3mica y laboral que padecen las mujeres en el pa\u00eds, aunada a la violencia al interior de las familias dirigida sobre todo contra mujeres, ni\u00f1as y ni\u00f1os, cuyos casos no son denunciados 99 por ciento de las veces\u201d, se plantea.<\/p>\n\n\n\n<p>La violencia criminal, pulsa el texto, ha sido normalizada. \u201cCon tantos a\u00f1os de violencia ya no sentimos la carga que traemos\u201d, dijo un participante del foro de Ciudad Ju\u00e1rez, uno de los 50 realizados a lo largo del pa\u00eds.<\/p>\n\n\n\n<p>\u201cLas violencias se instalaron en la cultura, las relaciones sociales, en los \u00e1mbitos p\u00fablicos, privados y digitales, y las familias que viven fuera de contextos de violencia se adaptan como estrategia de sobrevivencia. La agresi\u00f3n, el maltrato, la crueldad, el acoso, la humillaci\u00f3n e incluso el homicidio se han normalizado y se comparten en redes sociales, viraliz\u00e1ndolos como parte de los eventos cotidianos\u201d.<\/p>\n\n\n\n<p>En medio de todo destacan las fuerzas armadas. El aumento de la militarizaci\u00f3n de la seguridad p\u00fablica en cada sexenio ha sido proporcional al agudizamiento de esta violencia pand\u00e9mica.<\/p>\n\n\n\n<p>*Escritor y periodista.<\/p>\n\n\n\n<p>@DiegoEOsorno<\/p>\n","protected":false},"excerpt":{"rendered":"<p>Diego Enrique Osorno* M\u00e9xico ya no libra de manera oficial una guerra del narco, como&hellip;<\/p>\n","protected":false},"author":2,"featured_media":48560,"comment_status":"closed","ping_status":"open","sticky":false,"template":"","format":"standard","meta":{"_lmt_disableupdate":"","_lmt_disable":"","_jetpack_memberships_contains_paid_content":false,"footnotes":""},"categories":[456,109],"tags":[3020],"class_list":["post-66609","post","type-post","status-publish","format-standard","has-post-thumbnail","hentry","category-columna","category-minuto-a-minuto","tag-diego-enrique-osorno"],"jetpack_featured_media_url":"https:\/\/zonaroja.com.mx\/wp-content\/uploads\/2022\/11\/Diego-Enrique-Osorno.jpeg","jetpack_sharing_enabled":true,"_links":{"self":[{"href":"https:\/\/zonaroja.com.mx\/index.php?rest_route=\/wp\/v2\/posts\/66609","targetHints":{"allow":["GET"]}}],"collection":[{"href":"https:\/\/zonaroja.com.mx\/index.php?rest_route=\/wp\/v2\/posts"}],"about":[{"href":"https:\/\/zonaroja.com.mx\/index.php?rest_route=\/wp\/v2\/types\/post"}],"author":[{"embeddable":true,"href":"https:\/\/zonaroja.com.mx\/index.php?rest_route=\/wp\/v2\/users\/2"}],"replies":[{"embeddable":true,"href":"https:\/\/zonaroja.com.mx\/index.php?rest_route=%2Fwp%2Fv2%2Fcomments&post=66609"}],"version-history":[{"count":1,"href":"https:\/\/zonaroja.com.mx\/index.php?rest_route=\/wp\/v2\/posts\/66609\/revisions"}],"predecessor-version":[{"id":66610,"href":"https:\/\/zonaroja.com.mx\/index.php?rest_route=\/wp\/v2\/posts\/66609\/revisions\/66610"}],"wp:featuredmedia":[{"embeddable":true,"href":"https:\/\/zonaroja.com.mx\/index.php?rest_route=\/wp\/v2\/media\/48560"}],"wp:attachment":[{"href":"https:\/\/zonaroja.com.mx\/index.php?rest_route=%2Fwp%2Fv2%2Fmedia&parent=66609"}],"wp:term":[{"taxonomy":"category","embeddable":true,"href":"https:\/\/zonaroja.com.mx\/index.php?rest_route=%2Fwp%2Fv2%2Fcategories&post=66609"},{"taxonomy":"post_tag","embeddable":true,"href":"https:\/\/zonaroja.com.mx\/index.php?rest_route=%2Fwp%2Fv2%2Ftags&post=66609"}],"curies":[{"name":"wp","href":"https:\/\/api.w.org\/{rel}","templated":true}]}}