{"id":6661,"date":"2019-12-14T08:24:53","date_gmt":"2019-12-14T14:24:53","guid":{"rendered":"http:\/\/www.zonaroja.com.mx\/?p=6661"},"modified":"2019-12-14T08:24:56","modified_gmt":"2019-12-14T14:24:56","slug":"denuncia-activista-efrain-solano-amenazas-de-muerte-y-la-fiscalia-no-hace-nada","status":"publish","type":"post","link":"https:\/\/zonaroja.com.mx\/?p=6661","title":{"rendered":"Denuncia activista Efra\u00edn Solano amenazas de muerte\u2026 y la Fiscal\u00eda no hace nada"},"content":{"rendered":"\n<p>Redacci\u00f3n\/Zona Roja.<\/p>\n\n\n\n<p>Oaxaca de Ju\u00e1rez, Oax., 14 de diciembre\nde 2019.- <\/p>\n\n\n\n<p>El activista y defensor de comunidades,\nEfra\u00edn Solano Alin\u00e1rez, denunci\u00f3 amenazas de muerte y lament\u00f3 que la Fiscal\u00eda\nGeneral del Estado de Oaxaca no haya hecho nada.<\/p>\n\n\n\n<p>A trav\u00e9s de redes sociales, el dirigente\nde la organizaci\u00f3n social Unidad, Identidad y Ra\u00edces de Oaxaca (UNIR) escribi\u00f3:<\/p>\n\n\n\n<p>\u201cImpunidad e inseguridad en Oaxaca. Hace\nmeses present\u00e9 una denuncia ante la Fiscal\u00eda General por amenazas de muerte.\nInform\u00e9 de ello al capit\u00e1n Vera Salinas (titular del Secretariado Ejecutivo del\nSistema Estatal de Seguridad P\u00fablica).<\/p>\n\n\n\n<p>\u201cA Karina Bar\u00f3n (secretaria t\u00e9cnica de\nla Coordinaci\u00f3n Territorial para la Paz del gobierno federal). Busqu\u00e9\ninfructuosamente al secretario General de Gobierno, H\u00e9ctor Anuar Mafud. Todo\nfue in\u00fatil).<\/p>\n\n\n\n<p>En un segundo mensaje, detall\u00f3:<\/p>\n\n\n\n<p>\u201cAyer recib\u00ed nuevas amenazas, \u00bfacudo\nnuevamente a la Fiscal\u00eda General, a la Defensor\u00eda de Derechos Humanos del\nPueblo de Oaxaca?\u201d.<\/p>\n\n\n\n<p>En su respaldo, el luchador social y su\ncompa\u00f1ero en la organizaci\u00f3n social Comuna, Flavio Sosa Villavicencio, poste\u00f3: <\/p>\n\n\n\n<p>\u201cEl gobierno de Oaxaca debe garantizar\nseguridad al compa\u00f1ero Efra\u00edn Solano, quien acompa\u00f1a a pueblos y comunidades en\nbusca de soluciones a conflictos agrarios\u201d.<\/p>\n\n\n\n<p>Hasta este s\u00e1bado, no hab\u00eda ninguna\nrespuesta de las autoridades estatales.<\/p>\n","protected":false},"excerpt":{"rendered":"<p>Redacci\u00f3n\/Zona Roja. Oaxaca de Ju\u00e1rez, Oax., 14 de diciembre de 2019.- El activista y defensor&hellip;<\/p>\n","protected":false},"author":2,"featured_media":6662,"comment_status":"closed","ping_status":"open","sticky":false,"template":"","format":"standard","meta":{"_lmt_disableupdate":"","_lmt_disable":"","_jetpack_memberships_contains_paid_content":false,"footnotes":""},"categories":[109,47],"tags":[1137],"class_list":["post-6661","post","type-post","status-publish","format-standard","has-post-thumbnail","hentry","category-minuto-a-minuto","category-zona-gris","tag-efrain-solano-alinarez"],"jetpack_featured_media_url":"https:\/\/zonaroja.com.mx\/wp-content\/uploads\/2019\/12\/Efra\u00edn-Solano.jpg","jetpack_sharing_enabled":true,"_links":{"self":[{"href":"https:\/\/zonaroja.com.mx\/index.php?rest_route=\/wp\/v2\/posts\/6661","targetHints":{"allow":["GET"]}}],"collection":[{"href":"https:\/\/zonaroja.com.mx\/index.php?rest_route=\/wp\/v2\/posts"}],"about":[{"href":"https:\/\/zonaroja.com.mx\/index.php?rest_route=\/wp\/v2\/types\/post"}],"author":[{"embeddable":true,"href":"https:\/\/zonaroja.com.mx\/index.php?rest_route=\/wp\/v2\/users\/2"}],"replies":[{"embeddable":true,"href":"https:\/\/zonaroja.com.mx\/index.php?rest_route=%2Fwp%2Fv2%2Fcomments&post=6661"}],"version-history":[{"count":1,"href":"https:\/\/zonaroja.com.mx\/index.php?rest_route=\/wp\/v2\/posts\/6661\/revisions"}],"predecessor-version":[{"id":6663,"href":"https:\/\/zonaroja.com.mx\/index.php?rest_route=\/wp\/v2\/posts\/6661\/revisions\/6663"}],"wp:featuredmedia":[{"embeddable":true,"href":"https:\/\/zonaroja.com.mx\/index.php?rest_route=\/wp\/v2\/media\/6662"}],"wp:attachment":[{"href":"https:\/\/zonaroja.com.mx\/index.php?rest_route=%2Fwp%2Fv2%2Fmedia&parent=6661"}],"wp:term":[{"taxonomy":"category","embeddable":true,"href":"https:\/\/zonaroja.com.mx\/index.php?rest_route=%2Fwp%2Fv2%2Fcategories&post=6661"},{"taxonomy":"post_tag","embeddable":true,"href":"https:\/\/zonaroja.com.mx\/index.php?rest_route=%2Fwp%2Fv2%2Ftags&post=6661"}],"curies":[{"name":"wp","href":"https:\/\/api.w.org\/{rel}","templated":true}]}}