{"id":66614,"date":"2024-03-25T07:46:00","date_gmt":"2024-03-25T13:46:00","guid":{"rendered":"http:\/\/www.zonaroja.com.mx\/?p=66614"},"modified":"2024-03-25T07:17:41","modified_gmt":"2024-03-25T13:17:41","slug":"opinion-puerto-escondido-el-desastre-que-nadie-previo-ni-previene","status":"publish","type":"post","link":"https:\/\/zonaroja.com.mx\/?p=66614","title":{"rendered":"Opini\u00f3n. Puerto Escondido: el desastre que nadie previo\u2026 ni previene"},"content":{"rendered":"\n<p>Ismael Garc\u00eda M.\/Zona Roja.<\/p>\n\n\n\n<p>Oaxaca de Ju\u00e1rez, Oax., a 25 de marzo de 2024.- Fueron tres lustros de larga espera para que fuera culminada la supercarretera Oaxaca-Puerto Escondido, y por fin, aunque inconclusa, el pasado 4 de febrero fue abierta al tr\u00e1nsito vehicular.<\/p>\n\n\n\n<p>Antiguamente, viajar a Puerto Escondido era, por lo menos, de seis a siete horas, en una carretera federal 131 intransitable, con m\u00faltiples da\u00f1os. Ahora se hacen a lo m\u00e1ximo dos horas y media.<\/p>\n\n\n\n<p>Lo sorprendente es que nadie sab\u00eda qu\u00e9 tan r\u00e1pida ser\u00eda, que atraer\u00eda a miles y miles de visitantes a la Costa oaxaque\u00f1a, pero tambi\u00e9n decenas y decenas de conflictos.<\/p>\n\n\n\n<p>Nadie, por supuesto, estaba preparado para enfrentar esos conflictos y solucionarlos, por lo cual desde hace mes y medio, adem\u00e1s de ser de un gran beneficio para transportistas y usuarios en general, ha sido fuente tambi\u00e9n de disputas.<\/p>\n\n\n\n<p>Pero lo m\u00e1s grave es que nadie, ni las autoridades federales ni las estatales ni las municipales, han hecho algo o prev\u00e9n hacer algo para frenar la crisis que ya tiene encima Puerto Escondido.<\/p>\n\n\n\n<p>PROBLEMAS URBANOS<\/p>\n\n\n\n<p>El segundo destino tur\u00edstico de la Costa oaxaque\u00f1a siempre ha sido considerado como el balneario \u201cde los pobres y de los hippies\u201d, pues era una zona de playas accesible para la gente de bajos ingresos y refugio para extranjeros que no ten\u00edan donde m\u00e1s que vivir y relajarse, que ese sitio.<\/p>\n\n\n\n<p>Por d\u00e9cadas, nadie le ha apostado a una aut\u00e9ntica inversi\u00f3n para el desarrollo de esa ciudad y puerto; Jos\u00e9 Murat en su sexenio ampli\u00f3 la carretera que lo cruza, la n\u00famero 200, pero s\u00f3lo en el tramo que corresponde a Puerto Escondido.<\/p>\n\n\n\n<p>A\u00f1os despu\u00e9s, paulatinamente se ha remozado el andador tur\u00edstico, conocido como el Adoqu\u00edn, y nada m\u00e1s. A\u00fan cuando tiene playas y otros sitios de descanso, a nadie se le ha ocurrido invertir en m\u00e1s \u00e1reas tur\u00edsticas.<\/p>\n\n\n\n<p>S\u00f3lo los Murat, seg\u00fan cuentan los mismos pobladores, que desde hace a\u00f1os intentan concluir un megahotel en la zona.<\/p>\n\n\n\n<p>Pero lo que s\u00ed ha ocurrido es el desmedido crecimiento urbano, que ha colapsado, literalmente, todos los servicios. Por lo menos en el \u00faltimo lustro, pero particularmente este a\u00f1o, Puerto Escondido est\u00e1 completamente rebasado en materia de tr\u00e1nsito vehicular.<\/p>\n\n\n\n<p>Igual el sistema de drenaje, cuyo vertedero va a parar a la playa, incluso a la principal, sin que nadie procure acciones sanitarias.<\/p>\n\n\n\n<p>\u00bfAgua potable? Desde hace muchos a\u00f1os los pobladores y los visitantes sufren del vital l\u00edquido, pese a que cuentan con r\u00edos cercanos.<\/p>\n\n\n\n<p>Pero nadie para la voracidad inmobiliaria y ello ha generado graves conflictos tambi\u00e9n entre comuneros, pues una parte vende de manera desmedida y a precios estratosf\u00e9ricos sus terrenos y otra parte pretende conservarlos para evitar m\u00e1s estragos ecol\u00f3gicos. El dinero lleva la delantera.<\/p>\n\n\n\n<p>No hay planes, no hay anuncios, no hay acciones para enfrentar la problem\u00e1tica urbana que aqueja a unos 50 mil habitantes, m\u00e1s los visitantes. Nadie hace algo.<\/p>\n\n\n\n<p>Claro, tampoco a nadie ha preocupado que el crimen organizado se ha asentado sin resistencias en la zona y tiene en Puerto Escondido uno de sus centros de operaciones, eso s\u00ed, de manera discreta; lo que no ha sido a discreci\u00f3n es el narcomenudeo y el creciente consumo de drogas.<\/p>\n\n\n\n<p>\u201cEl problema, asegura Marta Reyes, regidora de Turismo del Ayuntamiento de San Pedro Mixtepec, \u2018es que estamos en el l\u00edmite. Puerto Escondido resulta un destino barato, muy accesible, todos son bienvenidos. Aqu\u00ed no existen las etiquetas: cualquiera puede entrar a un restaurante o un bar como quiera vestido. \u00a1Pero nos rebas\u00f3 la magia y la fama del lugar!\u00b4\u201d, refiere un reportaje del diario \u201cEl Pa\u00eds\u201d, publicado a inicios de este mes (<a href=\"https:\/\/elpais.com\/mexico\/2024-03-03\/puerto-escondido-el-paraiso-turistico-de-oaxaca-no-quiere-ser-el-nuevo-acapulco.html\">https:\/\/elpais.com\/mexico\/2024-03-03\/puerto-escondido-el-paraiso-turistico-de-oaxaca-no-quiere-ser-el-nuevo-acapulco.html<\/a>).<\/p>\n\n\n\n<p>A\u00d1EJA DISPUTA<\/p>\n\n\n\n<p>A ello s\u00famele una a\u00f1eja disputa agraria que, literalmente, tiene partido en dos a Puerto Escondido, pues una parte pertenece al municipio de Santa Mar\u00eda Colotepec y otra parte al municipio de San Pedro Mixtepec, que en 2017 dej\u00f3 saldos sangrientos.<\/p>\n\n\n\n<p>Apenas en abril del a\u00f1o 2021 resurgi\u00f3 con intensidad la problem\u00e1tica e incluso se habl\u00f3 del surgimiento de grupos armados para enfrentar a las partes. Por varios d\u00edas estuvo bloqueada la v\u00eda federal y el entonces gobernador priista, hoy morenista, Alejandro Murat, tuvo que acceder y acudir a atender los temas, pero sin soluciones a fondo.<\/p>\n\n\n\n<p>La pelea es por mil 200 hect\u00e1reas que cada uno dice ser poseedor, en una l\u00ednea dividida justamente en el Adoqu\u00edn.<\/p>\n\n\n\n<p>Esta crisis ha sido tambi\u00e9n ha sido parte del severo retraso en Puerto Escondido y nadie cede.<\/p>\n\n\n\n<p>Por cierto, en a\u00f1o y medio, nadie del gobierno morenista de Salom\u00f3n Jara Cruz se ha preocupado por retomar el di\u00e1logo para encauzar y resolver el l\u00edo de tierras, por lo que, indudablemente, en breve detonar\u00e1 otra vez.<\/p>\n\n\n\n<p>LOS DESPOJOS<\/p>\n\n\n\n<p>Apenas el lunes de la semana pasada, el consejero Jur\u00eddico del gobierno, Geovany V\u00e1squez Sagrero, record\u00f3 otro de los fuertes conflictos en la zona y es el de Punta Colorada, zona de playa del Gobierno del Estado que un grupo de particulares \u2014algunos de ellos refieren que uno de los involucrados es Jos\u00e9 Murat\u2014, que sigue en pleitos jur\u00eddicos.<\/p>\n\n\n\n<p>Est\u00e1n involucrados hasta medios de comunicaci\u00f3n, pol\u00edticos, empresarios e inversionistas for\u00e1neos.<\/p>\n\n\n\n<p>La disputa es por mil 38 hect\u00e1reas de un decreto expropiatorio; de ellos son 111 hect\u00e1reas que corresponden a la autoridad estatal, que varios pelean.<\/p>\n\n\n\n<p>\u201cEstamos pr\u00f3ximos a tener, con georeferencia, un pol\u00edgono. Se ha malinformado por algunas personas que hab\u00eda actos de molestia o actos de gobierno; hay la necesidad de buscar el rescate de esa zona, c\u00f3mo hacer frente a las necesidades de infraestructura que se requiere en Puerto Escondido, pero s\u00ed dejar en claro que son 111 hect\u00e1reas que se tienen y que eran parte de un fideicomiso\u201d, revel\u00f3.<\/p>\n\n\n\n<p>El caso es que la ambici\u00f3n no cesa y todo mundo se quiere apoderar de la zona, pese a la resistencia, \u00fanica, de organismos de la sociedad civil, que ha luchado por conservar las \u00e1reas naturales.<\/p>\n\n\n\n<p>\u00bfY QU\u00c9 HACEMOS?<\/p>\n\n\n\n<p>No obstante que se inaugur\u00f3 inconclusa, indudablemente que, pese a todo, los beneficios de la supercarretera son y ser\u00e1n mucho mayores que los problemas.<\/p>\n\n\n\n<p>Sin embargo, hay situaciones que se pudieron controlar y resolver a tiempo y no lo han hecho; por ejemplo, la continua ejecuci\u00f3n de obras incluso los fines de semana, lo que ha generado un tr\u00e1nsito a vuelta de rueda y fila de veh\u00edculos de kil\u00f3metros, como este domingo.<\/p>\n\n\n\n<p>Tampoco est\u00e1 solucionado a fondo el problema de transportistas y uno de los principales empe\u00f1ados en ello es Abraham L\u00f3pez, eterno edil de San Pablo Coatl\u00e1n, Abraham L\u00f3pez, priista disfrazado de morenista, y ahora pr\u00f3spero empresario de camionetas de pasajeros.<\/p>\n\n\n\n<p>Su necedad porque sea su l\u00ednea la que \u00fanicamente traslade pasajeros de la ciudad de Oaxaca hacia Puerto Escondido ha generado m\u00faltiples conflictos e incluso ha bloqueado por d\u00edas la v\u00eda federal y nadie le hace algo; hace dos semanas, impidi\u00f3 el tr\u00e1nsito de autobuses de la l\u00ednea ADO y tuvieron que plegarse a sus caprichos.<\/p>\n\n\n\n<p>Hace unas dos semanas se difundieron videos de la tala inmoderada de zonas cercanas a la playa para construir estacionamiento de autobuses, y nadie dijo nada.<\/p>\n\n\n\n<p>\u00bfHa escuchado alguna propuesta del gobierno de Salom\u00f3n Jara para regular las construcciones, reordenar la zona urbana, reimpulsar el turismo, emprender acciones de preservaci\u00f3n o cualquier otra tarea a favor de Puerto Escondido? Nada en a\u00f1o y medio que lleva de gobierno. Mientras tanto, el segundo destino tur\u00edstico de playa en importancia, se sigue hundiendo en el fango.<\/p>\n","protected":false},"excerpt":{"rendered":"<p>Ismael Garc\u00eda M.\/Zona Roja. Oaxaca de Ju\u00e1rez, Oax., a 25 de marzo de 2024.- Fueron&hellip;<\/p>\n","protected":false},"author":2,"featured_media":41735,"comment_status":"closed","ping_status":"open","sticky":false,"template":"","format":"standard","meta":{"_lmt_disableupdate":"","_lmt_disable":"","_jetpack_memberships_contains_paid_content":false,"footnotes":""},"categories":[456,109,48],"tags":[1353],"class_list":["post-66614","post","type-post","status-publish","format-standard","has-post-thumbnail","hentry","category-columna","category-minuto-a-minuto","category-zona-critica","tag-opinion-zona-critica"],"jetpack_featured_media_url":"https:\/\/zonaroja.com.mx\/wp-content\/uploads\/2022\/05\/Opinion-Ismael-Garcia-M.jpg","jetpack_sharing_enabled":true,"_links":{"self":[{"href":"https:\/\/zonaroja.com.mx\/index.php?rest_route=\/wp\/v2\/posts\/66614","targetHints":{"allow":["GET"]}}],"collection":[{"href":"https:\/\/zonaroja.com.mx\/index.php?rest_route=\/wp\/v2\/posts"}],"about":[{"href":"https:\/\/zonaroja.com.mx\/index.php?rest_route=\/wp\/v2\/types\/post"}],"author":[{"embeddable":true,"href":"https:\/\/zonaroja.com.mx\/index.php?rest_route=\/wp\/v2\/users\/2"}],"replies":[{"embeddable":true,"href":"https:\/\/zonaroja.com.mx\/index.php?rest_route=%2Fwp%2Fv2%2Fcomments&post=66614"}],"version-history":[{"count":1,"href":"https:\/\/zonaroja.com.mx\/index.php?rest_route=\/wp\/v2\/posts\/66614\/revisions"}],"predecessor-version":[{"id":66615,"href":"https:\/\/zonaroja.com.mx\/index.php?rest_route=\/wp\/v2\/posts\/66614\/revisions\/66615"}],"wp:featuredmedia":[{"embeddable":true,"href":"https:\/\/zonaroja.com.mx\/index.php?rest_route=\/wp\/v2\/media\/41735"}],"wp:attachment":[{"href":"https:\/\/zonaroja.com.mx\/index.php?rest_route=%2Fwp%2Fv2%2Fmedia&parent=66614"}],"wp:term":[{"taxonomy":"category","embeddable":true,"href":"https:\/\/zonaroja.com.mx\/index.php?rest_route=%2Fwp%2Fv2%2Fcategories&post=66614"},{"taxonomy":"post_tag","embeddable":true,"href":"https:\/\/zonaroja.com.mx\/index.php?rest_route=%2Fwp%2Fv2%2Ftags&post=66614"}],"curies":[{"name":"wp","href":"https:\/\/api.w.org\/{rel}","templated":true}]}}