{"id":66624,"date":"2024-03-25T11:28:00","date_gmt":"2024-03-25T17:28:00","guid":{"rendered":"http:\/\/www.zonaroja.com.mx\/?p=66624"},"modified":"2024-03-25T07:31:54","modified_gmt":"2024-03-25T13:31:54","slug":"suman-58-personas-localizadas-tras-ser-privadas-de-la-libertad-en-sinaloa","status":"publish","type":"post","link":"https:\/\/zonaroja.com.mx\/?p=66624","title":{"rendered":"Suman 58 personas localizadas, tras ser privadas de la libertad en Sinaloa"},"content":{"rendered":"\n<p>Redacci\u00f3n\/Zona Roja Cdmx.<\/p>\n\n\n\n<p>Ciudad de M\u00e9xico, a 25 de marzo de 2024.- El titular de la Secretar\u00eda de Seguridad P\u00fablica (SSP) en Sinaloa, Gerardo M\u00e9rida S\u00e1nchez, dio a conocer que ya suman 58 personas \u2013de las 66 reportadas como desaparecidas\u2013 que fueron localizadas y se encuentran a salvo en sus hogares, tras ser secuestradas en Culiac\u00e1n el fin de semana.<\/p>\n\n\n\n<p>El s\u00e1bado, el gobernador de Sinaloa, Rub\u00e9n Rocha Moya, inform\u00f3 del hallazgo de 42 personas y ayer se dio a conocer la localizaci\u00f3n de 16 mas \u201312 adultos y cuatro menores\u2013 que retornaron a sus viviendas. A\u00fan se desconoce el paradero de ocho.<\/p>\n\n\n\n<p>Mientras, la Fiscal\u00eda General del Estado revel\u00f3 que se abrieron nueve carpetas de investigaci\u00f3n ante la Fiscal\u00eda Especializada en Desaparici\u00f3n Forzada de personas con relaci\u00f3n a lo acontecido el 22 y 23 marzo.<\/p>\n\n\n\n<p>Sin embargo, hasta ahora, ni el gobernador Rub\u00e9n Rocha, la SSP ni la fiscal\u00eda estatal o alguna autoridad federal han proporcionado detalles sobre lo sucedido, de c\u00f3mo y d\u00f3nde han sido encontradas estas personas, ni han aclarado cu\u00e1l fue el m\u00f3vil de las privaciones de la libertad.<\/p>\n\n\n\n<p>El mandatario morenista precis\u00f3 que todos los menores de edad retenidos ya fueron liberados.<\/p>\n\n\n\n<p>En un mensaje en su cuenta de la red social X refiri\u00f3 que de los 66 levantados, 58 ya fueron ubicados; de \u00e9stos, 36 son adultos y 22 menores. \u201cEl total de ni\u00f1as y ni\u00f1os ya se encuentran en sus hogares\u201d, destac\u00f3.<\/p>\n\n\n\n<p>Rocha Moya agradeci\u00f3 el apoyo de las fuerzas federales, Ej\u00e9rcito, GN y Fiscal\u00eda General de la Rep\u00fablica, adem\u00e1s de la SSP y fiscal\u00eda estatal, las cuales \u201chan encabezado los operativos de b\u00fasqueda y los mantendr\u00e1n hasta encontrar a las personas cuyo paradero a\u00fan se desconoce\u201d.<\/p>\n\n\n\n<p>Sobre las 16 personas halladas en las \u00faltimas horas, M\u00e9rida S\u00e1nchez indic\u00f3 que las autoridades corroboraron que acudieron a sus domicilios, algunos llegaron a recoger algunas prendas o pertenencias y avisaron que se iban con alg\u00fan familiar y otros se quedaron en sus casas.<\/p>\n\n\n\n<p>LLAMADO A CORDURA<\/p>\n\n\n\n<p>En este contexto, el obispo de Culiac\u00e1n, Jes\u00fas Jos\u00e9 Herrera, pidi\u00f3 a integrantes del crimen organizado tener \u201ccordura\u201d para evitar m\u00e1s hechos similares de violencia en la capital de Sinaloa. En su mensaje dominical reproch\u00f3 que estos sucesos violenten la libertad de los ciudadanos.<\/p>\n\n\n\n<p>\u201cSomos conscientes de los tiempos dif\u00edciles que vivimos en todo nuestro pa\u00eds y lo acontecido el fin de semana en Culiac\u00e1n marca un doloroso precedente en la historia de esta ciudad, donde a familias completas, incluyendo menores, se les ha privado de su libertad\u201d, expres\u00f3.<\/p>\n\n\n\n<p>\u201cExhorto a quienes realizan estos actos violentos a respetar la dignidad y la vida de toda persona, recordando que Dios nos pedir\u00e1 cuentas de lo que hemos hecho con nuestros hermanos.\u201d<\/p>\n","protected":false},"excerpt":{"rendered":"<p>Redacci\u00f3n\/Zona Roja Cdmx. Ciudad de M\u00e9xico, a 25 de marzo de 2024.- El titular de&hellip;<\/p>\n","protected":false},"author":2,"featured_media":66625,"comment_status":"closed","ping_status":"open","sticky":false,"template":"","format":"standard","meta":{"_lmt_disableupdate":"","_lmt_disable":"","_jetpack_memberships_contains_paid_content":false,"footnotes":""},"categories":[109,47],"tags":[136],"class_list":["post-66624","post","type-post","status-publish","format-standard","has-post-thumbnail","hentry","category-minuto-a-minuto","category-zona-gris","tag-sinaloa"],"jetpack_featured_media_url":"https:\/\/zonaroja.com.mx\/wp-content\/uploads\/2024\/03\/Secuestrados-Sinaloa.jpg","jetpack_sharing_enabled":true,"_links":{"self":[{"href":"https:\/\/zonaroja.com.mx\/index.php?rest_route=\/wp\/v2\/posts\/66624","targetHints":{"allow":["GET"]}}],"collection":[{"href":"https:\/\/zonaroja.com.mx\/index.php?rest_route=\/wp\/v2\/posts"}],"about":[{"href":"https:\/\/zonaroja.com.mx\/index.php?rest_route=\/wp\/v2\/types\/post"}],"author":[{"embeddable":true,"href":"https:\/\/zonaroja.com.mx\/index.php?rest_route=\/wp\/v2\/users\/2"}],"replies":[{"embeddable":true,"href":"https:\/\/zonaroja.com.mx\/index.php?rest_route=%2Fwp%2Fv2%2Fcomments&post=66624"}],"version-history":[{"count":1,"href":"https:\/\/zonaroja.com.mx\/index.php?rest_route=\/wp\/v2\/posts\/66624\/revisions"}],"predecessor-version":[{"id":66626,"href":"https:\/\/zonaroja.com.mx\/index.php?rest_route=\/wp\/v2\/posts\/66624\/revisions\/66626"}],"wp:featuredmedia":[{"embeddable":true,"href":"https:\/\/zonaroja.com.mx\/index.php?rest_route=\/wp\/v2\/media\/66625"}],"wp:attachment":[{"href":"https:\/\/zonaroja.com.mx\/index.php?rest_route=%2Fwp%2Fv2%2Fmedia&parent=66624"}],"wp:term":[{"taxonomy":"category","embeddable":true,"href":"https:\/\/zonaroja.com.mx\/index.php?rest_route=%2Fwp%2Fv2%2Fcategories&post=66624"},{"taxonomy":"post_tag","embeddable":true,"href":"https:\/\/zonaroja.com.mx\/index.php?rest_route=%2Fwp%2Fv2%2Ftags&post=66624"}],"curies":[{"name":"wp","href":"https:\/\/api.w.org\/{rel}","templated":true}]}}