{"id":66627,"date":"2024-03-25T12:32:00","date_gmt":"2024-03-25T18:32:00","guid":{"rendered":"http:\/\/www.zonaroja.com.mx\/?p=66627"},"modified":"2024-03-25T07:52:14","modified_gmt":"2024-03-25T13:52:14","slug":"foro-defensa-del-territorio-y-la-propiedad-social-en-oaxaca-denuncia-mas-despojos","status":"publish","type":"post","link":"https:\/\/zonaroja.com.mx\/?p=66627","title":{"rendered":"Foro Defensa del Territorio y la Propiedad Social en Oaxaca denuncia m\u00e1s despojos"},"content":{"rendered":"\n<p>Redacci\u00f3n\/Zona Roja.<\/p>\n\n\n\n<p>Oaxaca de Ju\u00e1rez, Oax., a 25 de marzo de 2024.- Alrededor de 250 asistentes al Foro Defensa del Territorio y la Propiedad Social en Oaxaca, denunciaron m\u00e1s actos de despojo de tierras por parte de las autoridades.<\/p>\n\n\n\n<p>La actividad se llev\u00f3 el pasado fin de semana en Santa Mar\u00eda Atzompa y participaron representantes de mas de 70 comunidades agrarias y 20 organizaciones sociales, civiles y de derechos humanos.<\/p>\n\n\n\n<p>Tras ello emitieron una declaratoria en que precisaron:<\/p>\n\n\n\n<p>\u201cAnte las \u00faltimas acciones y pol\u00edticas de despojo de los tres niveles de gobierno en materia agraria, el avance de los megaproyectos en las ocho regiones del estado y los impactos violentos de las crisis clim\u00e1tica en los territorios y ecosistemas que se agudizan cada d\u00eda, se vuelve urgente la defensa de nuestros territorios.&nbsp;<\/p>\n\n\n\n<p>\u201cObservamos con indignaci\u00f3n los crecientes intentos de querer privatizar la tierra, como lo demostr\u00f3 la fallida propuesta del gobierno estatal morenista en la ley de ingresos 2024 en el art\u00edculo 25 con el programa para la certificaci\u00f3n de la tierra, que por presi\u00f3n e inconformidad tuvieron que echarla atr\u00e1s; sin que esto signifique que ser\u00e1 el \u00fanico y \u00faltimo intento, considerando la pol\u00edtica de imposici\u00f3n de grandes megaproyectos de las empresas privadas en contubernio con el Estado mexicano.<\/p>\n\n\n\n<p>\u201cEn la actualidad continua una pol\u00edtica de saqueo y guerra de exterminio contra nuestros pueblos y comunidades originarias, nuestras formas de vida y organizaci\u00f3n; queriendo borrar el legado hist\u00f3rico de las luchas ind\u00edgenas y agrarias que han mantenido al d\u00eda de hoy a la tierra como una propiedad colectiva y comunitaria, resultado de la larga lucha de nuestros pueblos durante m\u00e1s de 500 a\u00f1os.<\/p>\n\n\n\n<p>\u201cDenunciamos que las pol\u00edticas de saqueo vienen acompa\u00f1adas de programas sociales asistencialistas, que promueven el individualismo y destruyen la colectividad en nuestras comunidades.<\/p>\n\n\n\n<p>\u201cDenunciamos la turistificaci\u00f3n, exotizaci\u00f3n y folclorizaci\u00f3n de nuestras culturas ancestrales y territorios para el privilegio y consumo de unos cuantos\u201d.<\/p>\n\n\n\n<p>A\u00f1adieron que en el contexto actual, de incendios y sequ\u00edas, agrava la situaci\u00f3n de nuestras comunidades, que dependen de la tierra para su subsistencia.&nbsp;<\/p>\n\n\n\n<p>Adem\u00e1s, la crisis clim\u00e1tica global, \u201cresultado del sistema capitalista y colonial que transforma la vida y la naturaleza en mercanc\u00edas para beneficio de las \u00e9lites mundiales que no solo amenaza la existencia de nuestros pueblos sino la vida de todo el planeta\u201d.<\/p>\n\n\n\n<p>Ante estos desaf\u00edos, las comunidades ind\u00edgenas, campesinas y conurbadas en Oaxaca fortalecen estrategias de resistencia, promoviendo la gesti\u00f3n sostenible de los bienes naturales y defendiendo nuestros derechos territoriales ante el gobierno y las empresas privadas.&nbsp;<\/p>\n\n\n\n<p>\u201cHacemos un llamado a construir desde la diversidad movimientos sociales para enfrentar de manera conjunta las pol\u00edticas neoliberales y neocoloniales que con la actual administraci\u00f3n se profundizan\u201d.<\/p>\n\n\n\n<p>Estos son los puntos de la resoluci\u00f3n:<\/p>\n\n\n\n<p>* Es urgente el fortalecimiento de nuestras asambleas agrarias y comunitarias como m\u00e1ximas instancias de toma de decisiones, as\u00ed como de nuestras organizaciones y colectivos para intensificar un proceso de articulaci\u00f3n y construcci\u00f3n de alianzas, espacios y redes autonomas e indendientes para una defensa efectiva de nuestros territorios.<\/p>\n\n\n\n<p>* Fortalecer las estrategias jur\u00eddicas que nos permitan defender nuestros territorios contra los intentos de privatizaci\u00f3n, saqueo y expropiaci\u00f3n; as\u00ed como contra los enga\u00f1os de las instancias agrarias oficiales y corruptas.<\/p>\n\n\n\n<p>* Rechazamos los programas de regularizaci\u00f3n y certeza jur\u00eddica de la tierra federales y estatales, que disfrazan el despojo y apropiaci\u00f3n de los recursos naturales de nuestras comunidades.<\/p>\n\n\n\n<p>* Es fundamental para esta lucha que implementemos amplias campa\u00f1as de informaci\u00f3n y difusi\u00f3n sobre la importancia vital de la propiedad social y colectiva, utilizando todas las herramientas de comunicaci\u00f3n a disposici\u00f3n de los pueblos, tanto a ras de piso como de tecnolog\u00edas actuales.<\/p>\n\n\n\n<p>* Es indispensable que los pueblos acordemos en nuestras asambleas y levantemos actas para declarar a nuestros territorios libres de megaproyectos y pol\u00edticas extractivistas.<\/p>\n\n\n\n<p>* Nos declaramos como foro en sesi\u00f3n permanente y en alerta m\u00e1xima ante la embestida contra nuestros territorios.<\/p>\n\n\n\n<p>* As\u00ed mismo, en solidaridad con todas las luchas y resistencias en defensa de los territorios nos pronunciamos por:<\/p>\n\n\n\n<p>* La revocaci\u00f3n de la sentencia contra el compa\u00f1ero David Hernandez Salazar agente municipal comunitario de Puente Madera, San Blas Atempa.<\/p>\n\n\n\n<p>* La libertad de todas las presas y presos pol\u00edticos por defender nuestros derechos y terrritorios.<\/p>\n\n\n\n<p>*La libertad y paz de todos los pueblos del mundo que luchan contra el despojo y la opresi\u00f3n.<\/p>\n","protected":false},"excerpt":{"rendered":"<p>Redacci\u00f3n\/Zona Roja. Oaxaca de Ju\u00e1rez, Oax., a 25 de marzo de 2024.- Alrededor de 250&hellip;<\/p>\n","protected":false},"author":2,"featured_media":66628,"comment_status":"closed","ping_status":"open","sticky":false,"template":"","format":"standard","meta":{"_lmt_disableupdate":"","_lmt_disable":"","_jetpack_memberships_contains_paid_content":false,"footnotes":""},"categories":[109,47],"tags":[],"class_list":["post-66627","post","type-post","status-publish","format-standard","has-post-thumbnail","hentry","category-minuto-a-minuto","category-zona-gris"],"jetpack_featured_media_url":"https:\/\/zonaroja.com.mx\/wp-content\/uploads\/2024\/03\/Foro-en-defensa-de-la-propiedad-social-Oaxaca.jpeg","jetpack_sharing_enabled":true,"_links":{"self":[{"href":"https:\/\/zonaroja.com.mx\/index.php?rest_route=\/wp\/v2\/posts\/66627","targetHints":{"allow":["GET"]}}],"collection":[{"href":"https:\/\/zonaroja.com.mx\/index.php?rest_route=\/wp\/v2\/posts"}],"about":[{"href":"https:\/\/zonaroja.com.mx\/index.php?rest_route=\/wp\/v2\/types\/post"}],"author":[{"embeddable":true,"href":"https:\/\/zonaroja.com.mx\/index.php?rest_route=\/wp\/v2\/users\/2"}],"replies":[{"embeddable":true,"href":"https:\/\/zonaroja.com.mx\/index.php?rest_route=%2Fwp%2Fv2%2Fcomments&post=66627"}],"version-history":[{"count":1,"href":"https:\/\/zonaroja.com.mx\/index.php?rest_route=\/wp\/v2\/posts\/66627\/revisions"}],"predecessor-version":[{"id":66629,"href":"https:\/\/zonaroja.com.mx\/index.php?rest_route=\/wp\/v2\/posts\/66627\/revisions\/66629"}],"wp:featuredmedia":[{"embeddable":true,"href":"https:\/\/zonaroja.com.mx\/index.php?rest_route=\/wp\/v2\/media\/66628"}],"wp:attachment":[{"href":"https:\/\/zonaroja.com.mx\/index.php?rest_route=%2Fwp%2Fv2%2Fmedia&parent=66627"}],"wp:term":[{"taxonomy":"category","embeddable":true,"href":"https:\/\/zonaroja.com.mx\/index.php?rest_route=%2Fwp%2Fv2%2Fcategories&post=66627"},{"taxonomy":"post_tag","embeddable":true,"href":"https:\/\/zonaroja.com.mx\/index.php?rest_route=%2Fwp%2Fv2%2Ftags&post=66627"}],"curies":[{"name":"wp","href":"https:\/\/api.w.org\/{rel}","templated":true}]}}