{"id":66630,"date":"2024-03-25T09:55:00","date_gmt":"2024-03-25T15:55:00","guid":{"rendered":"http:\/\/www.zonaroja.com.mx\/?p=66630"},"modified":"2024-03-25T07:58:22","modified_gmt":"2024-03-25T13:58:22","slug":"prepara-murat-ex-priista-y-ahora-morenista-mapacherias-en-oaxaca-acusa-xochitl","status":"publish","type":"post","link":"https:\/\/zonaroja.com.mx\/?p=66630","title":{"rendered":"Prepara Murat, ex priista y ahora morenista, \u201cmapacher\u00edas\u201d en Oaxaca, acusa X\u00f3chitl"},"content":{"rendered":"\n<p>Redacci\u00f3n\/Zona Roja Cdmx.<\/p>\n\n\n\n<p>Ciudad de M\u00e9xico, a 25 de marzo de 2024.-&nbsp; La candidata presidencial de la Coalici\u00f3n Fuerza y Coraz\u00f3n por M\u00e9xico, X\u00f3xhitl G\u00e1lvez Ruiz, se\u00f1al\u00f3 durante su gira por Oaxaca que Morena prepara un \u201cfruade electoral\u201d en esa entidad y para realizar esa operaci\u00f3n fue que sum\u00f3 al ex gobernador priista, Alejandro Murat Hinojosa, pues seg\u00fan la aspirante opositora, temen que Claudia Sheinbaum pueda perder en esas tierras.<\/p>\n\n\n\n<p>La hidalguense dijo conocer el modus operandi al que los morenistas recurrir\u00e1n, entre ellos las \u201ccasillas zapato\u201d, es decir aquellas con cero votos para la oposici\u00f3n y \u201curna embarazada\u201d, adem\u00e1s de que tratar\u00e1n de que los partidos de oposici\u00f3n no tengan representantes de casillas y en otros casos, tratar\u00e1n de cooptarlos.<\/p>\n\n\n\n<p>\u201cEst\u00e1n muy nerviosos. Aqu\u00ed se trajeron a Murat, justamente para eso, para regresar al viejo estilo de \u201curnas zapato\u201d, de aprovechar la pobreza, la dispersi\u00f3n, para aquellos que operen las votaciones. Ahora s\u00ed que \u201cembarazar\u201d urnas, le apuestan a que no tengamos representantes o a comprar a nuestros representantes. Yo conozco el modus operandi de personajes como Murat\u201d, dijo en Santo Domingo Tehuantepec.<\/p>\n\n\n\n<p>La abanderada opositora consider\u00f3 que su trayectoria social y el trabajo con comunidades ind\u00edgenas le da ventaja sobre Sheinbaum en estados como Oaxaca, entidad que G\u00e1lvez dijo conocer muy bien y por esa raz\u00f3n los morenistas temen un descalabro.<\/p>\n\n\n\n<p>Agreg\u00f3 que desde Morena tratan de difundir la versi\u00f3n de que G\u00e1lvez quitar\u00e1 los programas sociales para tratar de ahuyentar a los votantes, pues es lo \u00fanico que han hallado en su contra. Sin embargo, la aspirante de origen ind\u00edgena reiter\u00f3 que adem\u00e1s de mantener los programas sociales har\u00e1 lo posible por mejorarlos, en caso de ganar la elecci\u00f3n presidencial.<\/p>\n\n\n\n<p>\u201cLa se\u00f1ora de enfrente no tiene la trayectoria social que yo tengo, ella no conoce Oaxaca como la conozco yo, como la he trabajado. Desde los 12 a\u00f1os estoy trabajando en el municipio, dando clases, ayudando a las comunidades, yendo al patrimonio ind\u00edgena del Valle del Mezquital a tramitar temas de agua, de energ\u00eda el\u00e9ctrica\u201d, dijo G\u00e1lvez, quien ya se desempe\u00f1\u00f3 como titular de la Comisi\u00f3n Nacional para el Desarrollo de los Pueblos Ind\u00edgenas.<\/p>\n\n\n\n<p>Desde Oaxaca, G\u00e1lvez Ruiz, insisti\u00f3 que no han encontrado nada en su pasado y por ello los de Morena tratan de desprestigiarla con el futuro de los programas sociales.<\/p>\n\n\n\n<p>Adem\u00e1s de mantener la pol\u00edtica social, la abanderada del PAN, PRI y PRD se\u00f1al\u00f3 que buscar\u00e1 implementar un verdadero sistema de salud gratuito para millones de mexicanos.<\/p>\n\n\n\n<p>(Informaci\u00f3n de Infobae M\u00e9xico)<\/p>\n","protected":false},"excerpt":{"rendered":"<p>Redacci\u00f3n\/Zona Roja Cdmx. Ciudad de M\u00e9xico, a 25 de marzo de 2024.-&nbsp; La candidata presidencial&hellip;<\/p>\n","protected":false},"author":2,"featured_media":66631,"comment_status":"closed","ping_status":"open","sticky":false,"template":"","format":"standard","meta":{"_lmt_disableupdate":"","_lmt_disable":"","_jetpack_memberships_contains_paid_content":false,"footnotes":""},"categories":[109,46],"tags":[3601],"class_list":["post-66630","post","type-post","status-publish","format-standard","has-post-thumbnail","hentry","category-minuto-a-minuto","category-zona-blanca","tag-xochitl-galvez-ruiz"],"jetpack_featured_media_url":"https:\/\/zonaroja.com.mx\/wp-content\/uploads\/2024\/03\/Xochitl-Galvez-en-Tehuantepec.jpeg","jetpack_sharing_enabled":true,"_links":{"self":[{"href":"https:\/\/zonaroja.com.mx\/index.php?rest_route=\/wp\/v2\/posts\/66630","targetHints":{"allow":["GET"]}}],"collection":[{"href":"https:\/\/zonaroja.com.mx\/index.php?rest_route=\/wp\/v2\/posts"}],"about":[{"href":"https:\/\/zonaroja.com.mx\/index.php?rest_route=\/wp\/v2\/types\/post"}],"author":[{"embeddable":true,"href":"https:\/\/zonaroja.com.mx\/index.php?rest_route=\/wp\/v2\/users\/2"}],"replies":[{"embeddable":true,"href":"https:\/\/zonaroja.com.mx\/index.php?rest_route=%2Fwp%2Fv2%2Fcomments&post=66630"}],"version-history":[{"count":1,"href":"https:\/\/zonaroja.com.mx\/index.php?rest_route=\/wp\/v2\/posts\/66630\/revisions"}],"predecessor-version":[{"id":66632,"href":"https:\/\/zonaroja.com.mx\/index.php?rest_route=\/wp\/v2\/posts\/66630\/revisions\/66632"}],"wp:featuredmedia":[{"embeddable":true,"href":"https:\/\/zonaroja.com.mx\/index.php?rest_route=\/wp\/v2\/media\/66631"}],"wp:attachment":[{"href":"https:\/\/zonaroja.com.mx\/index.php?rest_route=%2Fwp%2Fv2%2Fmedia&parent=66630"}],"wp:term":[{"taxonomy":"category","embeddable":true,"href":"https:\/\/zonaroja.com.mx\/index.php?rest_route=%2Fwp%2Fv2%2Fcategories&post=66630"},{"taxonomy":"post_tag","embeddable":true,"href":"https:\/\/zonaroja.com.mx\/index.php?rest_route=%2Fwp%2Fv2%2Ftags&post=66630"}],"curies":[{"name":"wp","href":"https:\/\/api.w.org\/{rel}","templated":true}]}}