{"id":66633,"date":"2024-03-25T16:43:16","date_gmt":"2024-03-25T22:43:16","guid":{"rendered":"http:\/\/www.zonaroja.com.mx\/?p=66633"},"modified":"2024-03-25T16:43:18","modified_gmt":"2024-03-25T22:43:18","slug":"aprueba-gobernador-alianza-de-transportistas-aliados-al-catem-y-critica-a-marcos-sanchez-de-cit","status":"publish","type":"post","link":"https:\/\/zonaroja.com.mx\/?p=66633","title":{"rendered":"Aprueba gobernador alianza de transportistas aliados al CATEM y critica a Marcos S\u00e1nchez de CIT"},"content":{"rendered":"\n<p>Raymundo Morales\/Zona Roja. Foto: Archivo.<\/p>\n\n\n\n<p>Oaxaca de Ju\u00e1rez, Oax., 25 de marzo de 2024.- El Gobernador del Estado, Salom\u00f3n Jara Cruz, aval\u00f3 la uni\u00f3n de sindicatos denominados en la \u201cAlianza por la paz laboral de Oaxaca\u201d, la cual \u2014apunt\u00f3\u2014 es un v\u00eda para erradicar los problemas entre transportistas en la entidad por el dominio de obras.<\/p>\n\n\n\n<p>Sin precisar sobre el grado de intervenci\u00f3n de la administraci\u00f3n estatal para que fuera posible la uni\u00f3n entre Confederaci\u00f3n Joven de M\u00e9xico y la Alianza de Sindicatos y Asociaciones del Estado de Oaxaca (ASAEO)\u2013CTM, un disfraz de la Confederaci\u00f3n Aut\u00f3noma de Trabajadores y Empleados de M\u00e9xico (CATEM),&nbsp; anunciada el pasado 20 de marzo, el mandatario dijo: \u201clo vemos con buenos ojos en t\u00e9rminos de que se re\u00fanan, porque anteriormente eran puro pleito, confrontaci\u00f3n y muertos\u201d.<\/p>\n\n\n\n<p>Apunt\u00f3 que estos grupos se enfrentaban, extorsionaban y hac\u00edan una serie de acciones en perjuicio de los ciudadanos\u2026 \u201cAhora hemos platicado con ellos y hemos expresado nuestro punto de vista de lo que establece la ley del trabajo\u201d, indic\u00f3 en su conferencia matutina.<\/p>\n\n\n\n<p>Se\u00f1al\u00f3 que con esta alianza se espera que se termine la extorsi\u00f3n, imposici\u00f3n de obras o de cualquier servicio o actividad; \u201cVamos a estar muy atentos porque siga prevaleciendo la coordinaci\u00f3n entre ellos, pero que no haya m\u00e1s extorsi\u00f3n, que no haya m\u00e1s venta de productos, me refiero a los materiales p\u00e9treos que trasladan a costos muy altos\u201d, manifest\u00f3.<\/p>\n\n\n\n<p>LA OTRA CARA<\/p>\n\n\n\n<p>Jara Cruz dijo que en Oaxaca ya no ha habido protestas, marchas o bloqueos por parte de los transportistas, sin embargo, el pasado 15 de marzo la Confederaci\u00f3n Libertad de Trabajadores de M\u00e9xico (CLTM), que encabeza Guadalupe D\u00edaz Pantoja, se manifest\u00f3 en Palacio de Gobierno.<\/p>\n\n\n\n<p>La lideresa exigi\u00f3 de una mesa de di\u00e1logo con el gobernador para la anulaci\u00f3n de un acuerdo que firm\u00f3 el Secretario de Gobierno (Sego), Jes\u00fas Romero L\u00f3pez, con Confederaci\u00f3n Joven de M\u00e9xico y Confederaci\u00f3n de Trabajadores de M\u00e9xico (CTM), donde los autoriz\u00f3 como los \u00fanicos sindicatos que podr\u00edan trabajar en obras del estado.<\/p>\n\n\n\n<p>Como parte de esta protesta, los transportistas de la CLTM se estacionaron en calles alrededor&nbsp; del z\u00f3calo de la capital para manifestar su inconformidad de que la Confederaci\u00f3n Joven no los deja trabajar en el estado.<\/p>\n\n\n\n<p>SE VA CONTRA CIT<\/p>\n\n\n\n<p>Jara Cruz&nbsp;manifest\u00f3 su rechazo a la forma de trabajo de la Confederaci\u00f3n Internacional de Trabajadores (CIT) que lidera Marco S\u00e1nchez.<\/p>\n\n\n\n<p>A dicha organizaci\u00f3n, as\u00ed como a la CTM, les pidi\u00f3 \u201cbajarle una dos rayitas\u201d a sus actos de extorsi\u00f3n.<\/p>\n\n\n\n<p>\u201cMa\u00f1ana tiene Jes\u00fas una reuni\u00f3n con los sindicatos CTM y CIT, para que ya le bajen un poquito, y yo los invito a que le bajen un poquito a sus pretensiones, una o dos rayitas\u201d, manifest\u00f3.<\/p>\n\n\n\n<p>Jara Cruz precis\u00f3 que en la obra de la supercarretera Oaxaca- Istmo, Marco S\u00e1nchez sigue actuando de forma ilegal.<\/p>\n\n\n\n<p>\u201cAh\u00ed vi como sigue haciendo Marcos de la suyas, y no me gusta que amenaza, que extorsione y que la empresa que est\u00e1 trabajando tenga que detenerse porque quiere que se cumplan sus caprichos\u201d, precis\u00f3 al indicar que dicho l\u00edder, involucrado en delitos de alto impacto, manipula el servicio del transporte de carga.<\/p>\n\n\n\n<p>Durante la conferencia Jara Cruz fue directo: \u201cDesde aqu\u00ed le expreso a Marcos que no puede seguir as\u00ed la obra de la supercarretera de Oaxaca a Tehuantepec\u201d.<\/p>\n\n\n\n<p>Y agreg\u00f3, \u201cEs una obra federal y nosotros tenemos que preservar que haya paz, pero adem\u00e1s, que se hagan los trabajos bien y que se concluyan, pero estar obstaculizando esos trabajos no lo vamos a permitir\u201d.<\/p>\n","protected":false},"excerpt":{"rendered":"<p>Raymundo Morales\/Zona Roja. Foto: Archivo. Oaxaca de Ju\u00e1rez, Oax., 25 de marzo de 2024.- El&hellip;<\/p>\n","protected":false},"author":2,"featured_media":63658,"comment_status":"closed","ping_status":"open","sticky":false,"template":"","format":"standard","meta":{"_lmt_disableupdate":"","_lmt_disable":"","_jetpack_memberships_contains_paid_content":false,"footnotes":""},"categories":[109,46],"tags":[939],"class_list":["post-66633","post","type-post","status-publish","format-standard","has-post-thumbnail","hentry","category-minuto-a-minuto","category-zona-blanca","tag-salomon-jara-cruz"],"jetpack_featured_media_url":"https:\/\/zonaroja.com.mx\/wp-content\/uploads\/2023\/12\/Conferencia-de-prensa-gobernador-Salomon-Jara.jpg","jetpack_sharing_enabled":true,"_links":{"self":[{"href":"https:\/\/zonaroja.com.mx\/index.php?rest_route=\/wp\/v2\/posts\/66633","targetHints":{"allow":["GET"]}}],"collection":[{"href":"https:\/\/zonaroja.com.mx\/index.php?rest_route=\/wp\/v2\/posts"}],"about":[{"href":"https:\/\/zonaroja.com.mx\/index.php?rest_route=\/wp\/v2\/types\/post"}],"author":[{"embeddable":true,"href":"https:\/\/zonaroja.com.mx\/index.php?rest_route=\/wp\/v2\/users\/2"}],"replies":[{"embeddable":true,"href":"https:\/\/zonaroja.com.mx\/index.php?rest_route=%2Fwp%2Fv2%2Fcomments&post=66633"}],"version-history":[{"count":1,"href":"https:\/\/zonaroja.com.mx\/index.php?rest_route=\/wp\/v2\/posts\/66633\/revisions"}],"predecessor-version":[{"id":66634,"href":"https:\/\/zonaroja.com.mx\/index.php?rest_route=\/wp\/v2\/posts\/66633\/revisions\/66634"}],"wp:featuredmedia":[{"embeddable":true,"href":"https:\/\/zonaroja.com.mx\/index.php?rest_route=\/wp\/v2\/media\/63658"}],"wp:attachment":[{"href":"https:\/\/zonaroja.com.mx\/index.php?rest_route=%2Fwp%2Fv2%2Fmedia&parent=66633"}],"wp:term":[{"taxonomy":"category","embeddable":true,"href":"https:\/\/zonaroja.com.mx\/index.php?rest_route=%2Fwp%2Fv2%2Fcategories&post=66633"},{"taxonomy":"post_tag","embeddable":true,"href":"https:\/\/zonaroja.com.mx\/index.php?rest_route=%2Fwp%2Fv2%2Ftags&post=66633"}],"curies":[{"name":"wp","href":"https:\/\/api.w.org\/{rel}","templated":true}]}}