{"id":66635,"date":"2024-03-25T17:05:04","date_gmt":"2024-03-25T23:05:04","guid":{"rendered":"http:\/\/www.zonaroja.com.mx\/?p=66635"},"modified":"2024-03-25T17:05:06","modified_gmt":"2024-03-25T23:05:06","slug":"escasez-de-agua-sigue-causando-protestas-semana-inicio-con-multiples-manifestaciones","status":"publish","type":"post","link":"https:\/\/zonaroja.com.mx\/?p=66635","title":{"rendered":"Escasez de agua sigue causando protestas; semana inici\u00f3 con m\u00faltiples manifestaciones"},"content":{"rendered":"\n<p>Yuridiana Sosa\/Zona Roja<\/p>\n\n\n\n<p>Oaxaca de Ju\u00e1rez, Oax., 25 de marzo de 2024.- Como cada lunes, la semana comenz\u00f3 con m\u00faltiples manifestaciones en la capital de Oaxaca, tanto contra autoridades estatales como de la ciudad capital.<\/p>\n\n\n\n<p>La falta del servicio de agua una vez m\u00e1s fue motivo de protesta por parte de habitantes de la capital, quienes exigen el suministro del vital l\u00edquido.<\/p>\n\n\n\n<p>Habitantes del centro de la ciudad se\u00f1alaron que desde hace 40 d\u00edas no han recibido agua por parte del Sistema Operador de los Servicios de Agua Potable y Alcantarillado (SOAPA), mientras que el gobierno estatal tampoco ha enviado agua por medio de pipas ni instalado los hidratantes para la zona.<\/p>\n\n\n\n<p>Motivo por el cual bloquearon la calle de Crespo en inmediaciones de las oficinas del sistema de agua, adem\u00e1s reprocharon que el gobierno privilegia a los hoteles con el servicio de agua, y minimice &nbsp;el problema de la poblaci\u00f3n en general.<\/p>\n\n\n\n<p>EN EL Z\u00d3CALO<\/p>\n\n\n\n<p>Ambientalistas tambi\u00e9n se manifestaron por la falta de agua y de obras hidr\u00e1ulicas para dar soluci\u00f3n a la problem\u00e1tica.<\/p>\n\n\n\n<p>Los inconformes, encabezados por Nasario Garc\u00eda, del Colectivo de Organizaciones Ambientalistas de Oaxaca, realizaron un recorrido de protesta alrededor del z\u00f3calo y luego frente a Palacio de Gobierno.<\/p>\n\n\n\n<p>\u201cComprar pipas, regalar tinacos y celebrar misas no funciona para los oaxaque\u00f1os. Exigimos destinar recursos para obra hidr\u00e1ulica y la creaci\u00f3n de bosques\u201d, reclamaron.<\/p>\n\n\n\n<p>POR AMBULANTAJE<\/p>\n\n\n\n<p>Por otra parte, comerciantes adheridos a la organizaci\u00f3n Undeci se manifestaron en Palacio Municipal por el retiro de puestos ambulantes de sus agremiados de la calle de 5 de Mayo, en el Centro Hist\u00f3rico.<\/p>\n\n\n\n<p>Los manifestantes realizaron un bloqueo en la calle de Crespo y Morelos y llegaron en marcha al recinto oficial para demandar que les respeten sus espacios.<\/p>\n\n\n\n<p>La directora de Comercio en V\u00eda P\u00fablica, Bibiana Garc\u00eda Loya, se\u00f1al\u00f3 que es imposible otorgar m\u00e1s permisos para la instalaci\u00f3n de ambulantes en el Centro Hist\u00f3rico, pues la ciudadan\u00eda en general tambi\u00e9n tiene derecho de gozar de espacios libres para transitar.<\/p>\n","protected":false},"excerpt":{"rendered":"<p>Yuridiana Sosa\/Zona Roja Oaxaca de Ju\u00e1rez, Oax., 25 de marzo de 2024.- Como cada lunes,&hellip;<\/p>\n","protected":false},"author":2,"featured_media":66637,"comment_status":"closed","ping_status":"open","sticky":false,"template":"","format":"standard","meta":{"_lmt_disableupdate":"","_lmt_disable":"","_jetpack_memberships_contains_paid_content":false,"footnotes":""},"categories":[109,47],"tags":[2254],"class_list":["post-66635","post","type-post","status-publish","format-standard","has-post-thumbnail","hentry","category-minuto-a-minuto","category-zona-gris","tag-protestas-y-bloqueos-oaxaca"],"jetpack_featured_media_url":"https:\/\/zonaroja.com.mx\/wp-content\/uploads\/2024\/03\/Protesta-por-agua-centro-ciudad-de-Oaxaca.jpg","jetpack_sharing_enabled":true,"_links":{"self":[{"href":"https:\/\/zonaroja.com.mx\/index.php?rest_route=\/wp\/v2\/posts\/66635","targetHints":{"allow":["GET"]}}],"collection":[{"href":"https:\/\/zonaroja.com.mx\/index.php?rest_route=\/wp\/v2\/posts"}],"about":[{"href":"https:\/\/zonaroja.com.mx\/index.php?rest_route=\/wp\/v2\/types\/post"}],"author":[{"embeddable":true,"href":"https:\/\/zonaroja.com.mx\/index.php?rest_route=\/wp\/v2\/users\/2"}],"replies":[{"embeddable":true,"href":"https:\/\/zonaroja.com.mx\/index.php?rest_route=%2Fwp%2Fv2%2Fcomments&post=66635"}],"version-history":[{"count":1,"href":"https:\/\/zonaroja.com.mx\/index.php?rest_route=\/wp\/v2\/posts\/66635\/revisions"}],"predecessor-version":[{"id":66638,"href":"https:\/\/zonaroja.com.mx\/index.php?rest_route=\/wp\/v2\/posts\/66635\/revisions\/66638"}],"wp:featuredmedia":[{"embeddable":true,"href":"https:\/\/zonaroja.com.mx\/index.php?rest_route=\/wp\/v2\/media\/66637"}],"wp:attachment":[{"href":"https:\/\/zonaroja.com.mx\/index.php?rest_route=%2Fwp%2Fv2%2Fmedia&parent=66635"}],"wp:term":[{"taxonomy":"category","embeddable":true,"href":"https:\/\/zonaroja.com.mx\/index.php?rest_route=%2Fwp%2Fv2%2Fcategories&post=66635"},{"taxonomy":"post_tag","embeddable":true,"href":"https:\/\/zonaroja.com.mx\/index.php?rest_route=%2Fwp%2Fv2%2Ftags&post=66635"}],"curies":[{"name":"wp","href":"https:\/\/api.w.org\/{rel}","templated":true}]}}