{"id":66639,"date":"2024-03-25T17:30:00","date_gmt":"2024-03-25T23:30:00","guid":{"rendered":"http:\/\/www.zonaroja.com.mx\/?p=66639"},"modified":"2024-03-25T18:50:00","modified_gmt":"2024-03-26T00:50:00","slug":"sangra-el-sureste-violencia-criminal-en-tabasco-y-en-chiapas-crisis-en-campeche","status":"publish","type":"post","link":"https:\/\/zonaroja.com.mx\/?p=66639","title":{"rendered":"Sangra el sureste: violencia criminal en Tabasco y en Chiapas; crisis en Campeche"},"content":{"rendered":"\n<p>Redacci\u00f3n\/Zona Roja Cdmx.<\/p>\n\n\n\n<p>Ciudad de M\u00e9xico, a 25 de marzo de 2024.- Tabasco, tierra del Presidente Andr\u00e9s Manuel L\u00f3pez Obrador, acumul\u00f3 11 ejecuciones en tan solo 24 horas, marcando as\u00ed un violento inicio de la Semana Santa 2024.<\/p>\n\n\n\n<p>Siete de esas muertes se reportaron durante la ma\u00f1ana de este 25 de marzo: Durante las primeras horas del lunes, fueron hallados los cuerpos maniatados y con huellas de tortura de seis j\u00f3venes en Para\u00edso, Tabasco.<\/p>\n\n\n\n<p>Los j\u00f3venes fueron encontrados en el Ejido Oriente San Cayetano del municipio de Para\u00edso, detr\u00e1s del Fraccionamiento Blancas Mariposa, en donde vecinos hab\u00edan reportado que escucharon detonaciones de armas de fuego.<\/p>\n\n\n\n<p>Adem\u00e1s, una cabeza humana fue encontrada cerca de una escuela primaria de la rancher\u00eda Gonz\u00e1lez del municipio de Centro con una cartulina en la que estaba escrita una amenaza expl\u00edcita contra una familia del lugar.<\/p>\n\n\n\n<p>EN CHIAPAS<\/p>\n\n\n\n<p>Se registr\u00f3 desde las cuatro de la ma\u00f1ana de este lunes 25 de marzo un enfrentamiento entre grupos armados en varios tramos de la carretera Tuxtla Guti\u00e9rrez-Berrioz\u00e1bal, Chiapas.<\/p>\n\n\n\n<p>Personas que circulaban por el sitio reportaron autos quemados y que estaban atravesados en la vialidad. De acuerdo con primeras versiones, grupos del crimen organizado se enfrentaron esta ma\u00f1ana en el municipio de Berriozabal, zona conurbada con la capital del estado de Chiapas.<\/p>\n\n\n\n<p>Los primeros informes indican que en el enfrentamiento que se dio en la carretera que comunica con el centro del pa\u00eds, quedaron atrapados veh\u00edculos de pasajeros a quienes les dispararon.<\/p>\n\n\n\n<p>Los grupos enfrentados presuntamente pertenecen al \u201cCartel Chiapas Guatemala\u201d, seg\u00fan el mensaje que dejaron en una de las camionetas que usaron.<\/p>\n\n\n\n<p>El saldo preliminar del hecho es de dos personas asesinadas, ocho carros quemados y varios trailers con disparos, adem\u00e1s de tres veh\u00edculos de transporte de pasajeros.<\/p>\n\n\n\n<p>De acuerdo al testimonio de pobladores que viven en la zona, alrededor de las cuatro de la ma\u00f1ana se empezaron a escuchar r\u00e1fagas de metralleta y el ruido de camionetas en Chiapas, como parte de un enfrentamiento que dur\u00f3 hasta las siete de la ma\u00f1ana.<\/p>\n\n\n\n<p>EN CAMPECHE<\/p>\n\n\n\n<p>Un grupo reducido de polic\u00edas anunci\u00f3 la ampliaci\u00f3n de sus peticiones de renuncia, sumando a la de la titular de Seguridad P\u00fablica, Marcela Mu\u00f1oz Mart\u00ednez, las del Subsecretario de Protecci\u00f3n y Seguridad Ciudadana, Alejandro Josafat Garc\u00eda Villalpando; al Director Polic\u00eda Estatal, Antonio Sarad\u00e1n Sol\u00eds Santiago (ya destituido); a V\u00edctor Hugo Sanchez Ortiz, Director de Asuntos Internos; a Rafael Miranda Ortiz, Director de Tr\u00e1nsito y Vialidad; V\u00edctor Contreras Ramirez, Director de Participaci\u00f3n Ciudadana y Atenci\u00f3n a V\u00edctimas y Melisa Garc\u00eda Serv\u00edn, Directora de Atenci\u00f3n a V\u00edctimas (ya destituida), \u201cy estas peticiones son irrevocables\u201d, dijeron.<\/p>\n\n\n\n<p>En tanto, el fin de semana, Layda Sansores sostuvo reuniones con los polic\u00edas inconformes desde hace m\u00e1s de una semana, a quienes dijo se les dar\u00e1n un bono de reconocimiento al valor para quienes estuvieron en el operativo y quienes regresen a laborar y se compruebe mediante su firma con un bono m\u00e1s extra a todo aquel que particip\u00f3 en el mot\u00edn en el penal de Kob\u00e9n<\/p>\n\n\n\n<p>(Informaci\u00f3n de \u00abEl Financiero\u00bb).<\/p>\n","protected":false},"excerpt":{"rendered":"<p>Redacci\u00f3n\/Zona Roja Cdmx. Ciudad de M\u00e9xico, a 25 de marzo de 2024.- Tabasco, tierra del&hellip;<\/p>\n","protected":false},"author":2,"featured_media":66640,"comment_status":"closed","ping_status":"open","sticky":false,"template":"","format":"standard","meta":{"_lmt_disableupdate":"","_lmt_disable":"","_jetpack_memberships_contains_paid_content":false,"footnotes":""},"categories":[109,47],"tags":[1746],"class_list":["post-66639","post","type-post","status-publish","format-standard","has-post-thumbnail","hentry","category-minuto-a-minuto","category-zona-gris","tag-violencia-en-mexico"],"jetpack_featured_media_url":"https:\/\/zonaroja.com.mx\/wp-content\/uploads\/2024\/03\/Violencia-en-Mexico-Tabasco.tiff","jetpack_sharing_enabled":true,"_links":{"self":[{"href":"https:\/\/zonaroja.com.mx\/index.php?rest_route=\/wp\/v2\/posts\/66639","targetHints":{"allow":["GET"]}}],"collection":[{"href":"https:\/\/zonaroja.com.mx\/index.php?rest_route=\/wp\/v2\/posts"}],"about":[{"href":"https:\/\/zonaroja.com.mx\/index.php?rest_route=\/wp\/v2\/types\/post"}],"author":[{"embeddable":true,"href":"https:\/\/zonaroja.com.mx\/index.php?rest_route=\/wp\/v2\/users\/2"}],"replies":[{"embeddable":true,"href":"https:\/\/zonaroja.com.mx\/index.php?rest_route=%2Fwp%2Fv2%2Fcomments&post=66639"}],"version-history":[{"count":2,"href":"https:\/\/zonaroja.com.mx\/index.php?rest_route=\/wp\/v2\/posts\/66639\/revisions"}],"predecessor-version":[{"id":66645,"href":"https:\/\/zonaroja.com.mx\/index.php?rest_route=\/wp\/v2\/posts\/66639\/revisions\/66645"}],"wp:featuredmedia":[{"embeddable":true,"href":"https:\/\/zonaroja.com.mx\/index.php?rest_route=\/wp\/v2\/media\/66640"}],"wp:attachment":[{"href":"https:\/\/zonaroja.com.mx\/index.php?rest_route=%2Fwp%2Fv2%2Fmedia&parent=66639"}],"wp:term":[{"taxonomy":"category","embeddable":true,"href":"https:\/\/zonaroja.com.mx\/index.php?rest_route=%2Fwp%2Fv2%2Fcategories&post=66639"},{"taxonomy":"post_tag","embeddable":true,"href":"https:\/\/zonaroja.com.mx\/index.php?rest_route=%2Fwp%2Fv2%2Ftags&post=66639"}],"curies":[{"name":"wp","href":"https:\/\/api.w.org\/{rel}","templated":true}]}}