{"id":6664,"date":"2019-12-14T09:54:13","date_gmt":"2019-12-14T15:54:13","guid":{"rendered":"http:\/\/www.zonaroja.com.mx\/?p=6664"},"modified":"2019-12-14T09:54:33","modified_gmt":"2019-12-14T15:54:33","slug":"ahora-se-roban-instrumentos-de-banda-musical-en-pueblo-mixe-de-oaxaca","status":"publish","type":"post","link":"https:\/\/zonaroja.com.mx\/?p=6664","title":{"rendered":"Ahora se roban instrumentos de banda musical en pueblo Mixe de Oaxaca"},"content":{"rendered":"\n<p>Redacci\u00f3n\/Zona Roja.<\/p>\n\n\n\n<p>Oaxaca de Ju\u00e1rez, Oax., San Pedro y San\nPablo Ayutla Mixe, que lleva a\u00f1os exigiendo justicia por el caso de una persona\nasesinada y mujeres secuestradas por sus vecinos de Tamazul\u00e1pam, ahora sufri\u00f3\nel robo de pr\u00e1cticamente todos los instrumentos su banda de viento.<\/p>\n\n\n\n<p>La denuncia la hizo a trav\u00e9s de las\nredes sociales la ling\u00fcista y escritora Y\u00e1snaya Elena Aguilar:<\/p>\n\n\n\n<p>\u201cLamento comunicarles una noticia que me duele much\u00edsimo. Delincuentes asaltaron la escuela de m\u00fasica y se robaron casi todos los instrumentos de nuestra Banda Filarm\u00f3nica que es el alma de nuestra comunidad. Ustedes saben lo que la m\u00fasica significa para los pueblos mixes\u201d, denunci\u00f3 a trav\u00e9s de redes sociales.<\/p>\n\n\n\n<figure class=\"wp-block-embed-twitter wp-block-embed is-type-rich is-provider-twitter\"><div class=\"wp-block-embed__wrapper\">\n<div class=\"twitter-tweet\"><blockquote class=\"twitter-tweet\" data-lang=\"es\"><p lang=\"es\" dir=\"ltr\">Lamento comunicarles una noticia que me duele much\u00edsimo. Delincuentes asaltaron la escuela de m\u00fasica y se robaron casi todos los instrumentos de nuestra Banda Filarm\u00f3nica que es el alma de nuestra comunidad. Ustedes saben lo que la m\u00fasica significa para los pueblos mixes. <a href=\"https:\/\/t.co\/CJSjbzAVzy\">pic.twitter.com\/CJSjbzAVzy<\/a><\/p>&mdash; Y\u00e1snaya Elena (@yasnayae) <a href=\"https:\/\/twitter.com\/yasnayae\/status\/1205601528309940224?ref_src=twsrc%5Etfw\">13 de diciembre de 2019<\/a><\/blockquote><\/div>\n<\/div><\/figure>\n\n\n\n<p>\u201cEstos instrumentos son un patrimonio\ncomunitario que se ha conformado con el esfuerzo de las personas que ahorran y\ndonan un instrumento, las autoridades que consiguen dinero para eso, de las\ngestiones que hace el comit\u00e9. Y ahora los m\u00fasicos comunitarios se quedan en\nsilencio\u201d, agreg\u00f3 ayer.<\/p>\n\n\n\n<p>\u201cUno de los sue\u00f1os de las personas en\nnuestra comunidad es poder donar un instrumento a nuestra Banda Filarm\u00f3nica.\nHace un a\u00f1o despu\u00e9s de ahorrar un tiempo pude cumplir el sue\u00f1o de donar un\ninstrumento modesto. Pero hay much\u00edsima gente que ahorra y dona porque amamos a\nnuestra banda.<\/p>\n\n\n\n<p>\u201cY detr\u00e1s de cada donaci\u00f3n hay mucho esfuerzo y amor. Mi comunidad como las otras comunidades mixes gestionan una escuela de m\u00fasica de manera autogestiva, el comit\u00e9 de la Banda hace un servicio gratuito durante un a\u00f1o para cuidar a nuestra Banda.<\/p>\n\n\n\n<figure class=\"wp-block-embed-twitter wp-block-embed is-type-rich is-provider-twitter\"><div class=\"wp-block-embed__wrapper\">\n<div class=\"twitter-tweet\"><blockquote class=\"twitter-tweet\" data-lang=\"es\"><p lang=\"es\" dir=\"ltr\">La banda acababa de realizar un videoclip con el son &quot;Sentimientos de mujer&quot; sobre la participaci\u00f3n de mujeres y ni\u00f1as en nuestra Banda Filarm\u00f3nica. Aqu\u00ed los pueden conocer:<a href=\"https:\/\/t.co\/CJC2FlhRu2\">https:\/\/t.co\/CJC2FlhRu2<\/a><\/p>&mdash; Y\u00e1snaya Elena (@yasnayae) <a href=\"https:\/\/twitter.com\/yasnayae\/status\/1205662600337469441?ref_src=twsrc%5Etfw\">14 de diciembre de 2019<\/a><\/blockquote><\/div>\n<\/div><\/figure>\n\n\n\n<p>\u201cAdem\u00e1s de la p\u00e9rdida material tan\nlamentable sentimos que nos atacaron en el coraz\u00f3n de la comunidad por lo que\nnos representa. Un pueblo sin su banda no es pueblo, as\u00ed lo sentimos\u201d, agreg\u00f3.<\/p>\n\n\n\n<p>Inform\u00f3 que la filarm\u00f3nica acababa de\nrealizar un videoclip con el son \u00abSentimientos de mujer\u00bb sobre la\nparticipaci\u00f3n de mujeres y ni\u00f1as.<\/p>\n\n\n\n<p>Hasta el momento ninguna autoridad\nestatal ha respondido que dar\u00e1 atenci\u00f3n a la denuncia, mientras que a nivel\nnacional, surgi\u00f3 de inmediato la solidaridad de la comunidad art\u00edstica, as\u00ed\ncomo de la Secretar\u00eda de Cultura federal.<\/p>\n","protected":false},"excerpt":{"rendered":"<p>Redacci\u00f3n\/Zona Roja. Oaxaca de Ju\u00e1rez, Oax., San Pedro y San Pablo Ayutla Mixe, que lleva&hellip;<\/p>\n","protected":false},"author":2,"featured_media":6665,"comment_status":"closed","ping_status":"open","sticky":false,"template":"","format":"standard","meta":{"_lmt_disableupdate":"","_lmt_disable":"","_jetpack_memberships_contains_paid_content":false,"footnotes":""},"categories":[109,51],"tags":[1138],"class_list":["post-6664","post","type-post","status-publish","format-standard","has-post-thumbnail","hentry","category-minuto-a-minuto","category-zona-roja","tag-yasnaya-elena-aguilar"],"jetpack_featured_media_url":"https:\/\/zonaroja.com.mx\/wp-content\/uploads\/2019\/12\/Image-1-52-1.png","jetpack_sharing_enabled":true,"_links":{"self":[{"href":"https:\/\/zonaroja.com.mx\/index.php?rest_route=\/wp\/v2\/posts\/6664","targetHints":{"allow":["GET"]}}],"collection":[{"href":"https:\/\/zonaroja.com.mx\/index.php?rest_route=\/wp\/v2\/posts"}],"about":[{"href":"https:\/\/zonaroja.com.mx\/index.php?rest_route=\/wp\/v2\/types\/post"}],"author":[{"embeddable":true,"href":"https:\/\/zonaroja.com.mx\/index.php?rest_route=\/wp\/v2\/users\/2"}],"replies":[{"embeddable":true,"href":"https:\/\/zonaroja.com.mx\/index.php?rest_route=%2Fwp%2Fv2%2Fcomments&post=6664"}],"version-history":[{"count":1,"href":"https:\/\/zonaroja.com.mx\/index.php?rest_route=\/wp\/v2\/posts\/6664\/revisions"}],"predecessor-version":[{"id":6666,"href":"https:\/\/zonaroja.com.mx\/index.php?rest_route=\/wp\/v2\/posts\/6664\/revisions\/6666"}],"wp:featuredmedia":[{"embeddable":true,"href":"https:\/\/zonaroja.com.mx\/index.php?rest_route=\/wp\/v2\/media\/6665"}],"wp:attachment":[{"href":"https:\/\/zonaroja.com.mx\/index.php?rest_route=%2Fwp%2Fv2%2Fmedia&parent=6664"}],"wp:term":[{"taxonomy":"category","embeddable":true,"href":"https:\/\/zonaroja.com.mx\/index.php?rest_route=%2Fwp%2Fv2%2Fcategories&post=6664"},{"taxonomy":"post_tag","embeddable":true,"href":"https:\/\/zonaroja.com.mx\/index.php?rest_route=%2Fwp%2Fv2%2Ftags&post=6664"}],"curies":[{"name":"wp","href":"https:\/\/api.w.org\/{rel}","templated":true}]}}