{"id":66648,"date":"2024-03-25T20:54:23","date_gmt":"2024-03-26T02:54:23","guid":{"rendered":"http:\/\/www.zonaroja.com.mx\/?p=66648"},"modified":"2024-03-25T20:54:24","modified_gmt":"2024-03-26T02:54:24","slug":"avala-consejo-de-seguridad-propuesta-de-alto-al-fuego-en-gaza","status":"publish","type":"post","link":"https:\/\/zonaroja.com.mx\/?p=66648","title":{"rendered":"Avala Consejo de Seguridad propuesta de alto al fuego en Gaza"},"content":{"rendered":"\n<p>Redacci\u00f3n\/Zona Roja Cdmx.<\/p>\n\n\n\n<p>Ciudad de M\u00e9xico, a 25 de marzo de 2024.- Tras m\u00e1s de cinco meses de guerra, el Consejo de Seguridad de la ONU adopt\u00f3 el lunes su primera resoluci\u00f3n pidiendo un \u00abalto al fuego inmediato\u00bb en Gaza, un llamamiento bloqueado en varias ocasiones por Estados Unidos, que en esta ocasi\u00f3n se abstuvo.<\/p>\n\n\n\n<p>La resoluci\u00f3n, adoptada con 14 votos a favor y una abstenci\u00f3n, \u00abexige un alto el fuego inmediato para el mes de Ramad\u00e1n\u00bb -que comenz\u00f3 hace quince d\u00edas- que conduzca a una tregua duradera, y \u00abexige la liberaci\u00f3n inmediata e incondicional de todos los rehenes\u201d.<\/p>\n\n\n\n<p>Hamas celebr\u00f3 la resoluci\u00f3n del Consejo de Seguridad de la ONU que pide un \u00abcese el fuego inmediato\u00bb en Gaza y expres\u00f3 su \u00abvoluntad de iniciar un proceso de canje\u00bb de rehenes en sus manos por presos palestinos detenidos en Israel.<\/p>\n\n\n\n<p>\u00abHamas saluda el llamamiento del Consejo de Seguridad de las Naciones Unidas a un cese el fuego inmediato\u00bb, indic\u00f3 un comunicado del movimiento islamista palestino, que se\u00f1ala asimismo su disposici\u00f3n a \u00abalcanzar un cese el fuego permanente que lleve a una retirada de todas las fuerzas israel\u00edes\u00bb de la franja de Gaza.&nbsp;<\/p>\n\n\n\n<p>\u00abEste ba\u00f1o de sangre ha durado demasiado tiempo (&#8230;) Al fin, el Consejo de Seguridad asume su responsabilidad\u00bb, dijo el embajador argelino Amar Bendjama, uno de los promotores de la iniciativa.<\/p>\n\n\n\n<p>Este voto \u00abdebe ser un punto de inflexi\u00f3n (&#8230;) Debe se\u00f1alar el fin de esta avalancha de atrocidades contra nuestro pueblo\u00bb, a\u00f1adi\u00f3 con voz entrecortada el embajador palestino Riyad Mansour, que lo calific\u00f3 de \u00abd\u00eda hist\u00f3rico\u00bb.<\/p>\n\n\n\n<p>Aunque las resoluciones del Consejo son vinculantes, los Estados afectados a menudo las ignoran.<\/p>\n\n\n\n<p>INCUMPLIMIENTO IMPERDONABLE<\/p>\n\n\n\n<p>Para el secretario general de la ONU, Antonio Guterres, \u00abesta resoluci\u00f3n debe aplicarse\u00bb porque \u00absu incumplimiento ser\u00eda imperdonable\u00bb, dijo en un mensaje publicado en X (antes Twitter).<\/p>\n\n\n\n<p>El ministro israel\u00ed de Defensa, Yoav Gallant, ya ha asegurado que Israel no pondr\u00e1 fin a su guerra \u00abmientras haya rehenes en Gaza\u00bb.<\/p>\n\n\n\n<p>A diferencia del texto estadounidense rechazado el viernes por los vetos ruso y chino, esta resoluci\u00f3n no vincula sus exigencias a los esfuerzos diplom\u00e1ticos de Catar, Estados Unidos y Egipto, aunque \u00abreconoce\u00bb la existencia de estas conversaciones encaminadas a una tregua acompa\u00f1ada de un intercambio de rehenes y prisioneros palestinos.<\/p>\n\n\n\n<p>Pero la embajadora estadounidense, Linda Thomas-Greenfield, insisti\u00f3 en establecer un v\u00ednculo, presionando as\u00ed a Ham\u00e1s.<\/p>\n\n\n\n<p>\u00abUn alto el fuego puede comenzar apenas se libere al primer reh\u00e9n\u00bb, dijo la diplom\u00e1tica. \u00abEste es el \u00fanico camino para asegurar un alto el fuego\u00bb, subray\u00f3.<\/p>\n\n\n\n<p>\u00bfCambio de postura?<\/p>\n\n\n\n<p>Aunque la Casa Blanca ha asegurado que la abstenci\u00f3n estadounidense no es un \u00abcambio de postura\u00bb, Israel ha cancelado la visita de una delegaci\u00f3n a Washington.<\/p>\n\n\n\n<p>La resoluci\u00f3n aprobada este lunes es fruto del trabajo de los miembros no permanentes del Consejo, que negociaron durante todo el fin de semana con Estados Unidos para tratar de evitar un nuevo fracaso, seg\u00fan fuentes diplom\u00e1ticas.<\/p>\n\n\n\n<p>(Informaci\u00f3n de la agencia AFP en \u201cLa Jornada\u201d)<\/p>\n","protected":false},"excerpt":{"rendered":"<p>Redacci\u00f3n\/Zona Roja Cdmx. Ciudad de M\u00e9xico, a 25 de marzo de 2024.- Tras m\u00e1s de&hellip;<\/p>\n","protected":false},"author":2,"featured_media":62364,"comment_status":"closed","ping_status":"open","sticky":false,"template":"","format":"standard","meta":{"_lmt_disableupdate":"","_lmt_disable":"","_jetpack_memberships_contains_paid_content":false,"footnotes":""},"categories":[109,46],"tags":[2668],"class_list":["post-66648","post","type-post","status-publish","format-standard","has-post-thumbnail","hentry","category-minuto-a-minuto","category-zona-blanca","tag-conflicto-gaza-israel"],"jetpack_featured_media_url":"https:\/\/zonaroja.com.mx\/wp-content\/uploads\/2023\/11\/Franja-de-Gaza-Israel.webp","jetpack_sharing_enabled":true,"_links":{"self":[{"href":"https:\/\/zonaroja.com.mx\/index.php?rest_route=\/wp\/v2\/posts\/66648","targetHints":{"allow":["GET"]}}],"collection":[{"href":"https:\/\/zonaroja.com.mx\/index.php?rest_route=\/wp\/v2\/posts"}],"about":[{"href":"https:\/\/zonaroja.com.mx\/index.php?rest_route=\/wp\/v2\/types\/post"}],"author":[{"embeddable":true,"href":"https:\/\/zonaroja.com.mx\/index.php?rest_route=\/wp\/v2\/users\/2"}],"replies":[{"embeddable":true,"href":"https:\/\/zonaroja.com.mx\/index.php?rest_route=%2Fwp%2Fv2%2Fcomments&post=66648"}],"version-history":[{"count":1,"href":"https:\/\/zonaroja.com.mx\/index.php?rest_route=\/wp\/v2\/posts\/66648\/revisions"}],"predecessor-version":[{"id":66649,"href":"https:\/\/zonaroja.com.mx\/index.php?rest_route=\/wp\/v2\/posts\/66648\/revisions\/66649"}],"wp:featuredmedia":[{"embeddable":true,"href":"https:\/\/zonaroja.com.mx\/index.php?rest_route=\/wp\/v2\/media\/62364"}],"wp:attachment":[{"href":"https:\/\/zonaroja.com.mx\/index.php?rest_route=%2Fwp%2Fv2%2Fmedia&parent=66648"}],"wp:term":[{"taxonomy":"category","embeddable":true,"href":"https:\/\/zonaroja.com.mx\/index.php?rest_route=%2Fwp%2Fv2%2Fcategories&post=66648"},{"taxonomy":"post_tag","embeddable":true,"href":"https:\/\/zonaroja.com.mx\/index.php?rest_route=%2Fwp%2Fv2%2Ftags&post=66648"}],"curies":[{"name":"wp","href":"https:\/\/api.w.org\/{rel}","templated":true}]}}