{"id":66650,"date":"2024-03-26T06:53:26","date_gmt":"2024-03-26T12:53:26","guid":{"rendered":"http:\/\/www.zonaroja.com.mx\/?p=66650"},"modified":"2024-03-26T07:40:44","modified_gmt":"2024-03-26T13:40:44","slug":"rescatan-uno-de-dos-cuerpos-atrapados-en-derrumbe-en-tehuantepec-seria-migrante","status":"publish","type":"post","link":"https:\/\/zonaroja.com.mx\/?p=66650","title":{"rendered":"Rescatan los dos cuerpos atrapados en derrumbe en Tehuantepec; uno ser\u00eda migrante"},"content":{"rendered":"\n<p>Ismael Garc\u00eda M.\/Zona Roja.<\/p>\n\n\n\n<p>Oaxaca de Ju\u00e1rez, Oax., a 26 de marzo de 2024.- Los dos cuerpos  sepultados ayer por un derrumbe en una obra de drenaje en Santo Domingo Tehuantepec, fueron rescatados, uno la madrugada de hoy y otro cerca de la media noche de ayer.<\/p>\n\n\n\n<p>El Gobierno del Estado de Oaxaca confirm\u00f3 que fueron cuatro las personas v\u00edctimas del accidente ocurrido la tarde de ayer en la calle Ixtaltepec del barrio San Jacinto, colindante con el barrio Vixhana, dos de los cuales lograron salir de los montones de tierra.<\/p>\n\n\n\n<p>En un comunicado, detall\u00f3 que hasta la noche del lunes se ten\u00eda el reporte que los restos de una de las dos personas, de nombre de (Manuel) M. J. A. R., de 45 a\u00f1os de edad, hab\u00edan sido localizados.&nbsp;&nbsp;&nbsp;&nbsp;&nbsp;&nbsp;&nbsp;&nbsp;&nbsp;&nbsp;&nbsp;&nbsp;&nbsp;&nbsp;&nbsp;&nbsp;&nbsp;&nbsp;&nbsp;&nbsp;&nbsp;&nbsp;&nbsp;&nbsp;&nbsp;&nbsp;&nbsp;&nbsp;&nbsp;&nbsp;&nbsp;&nbsp;&nbsp;&nbsp;&nbsp;&nbsp;&nbsp;&nbsp;&nbsp;&nbsp;&nbsp;&nbsp;&nbsp;&nbsp;&nbsp;&nbsp;&nbsp;&nbsp;&nbsp;&nbsp;&nbsp;&nbsp;&nbsp;&nbsp;&nbsp;&nbsp;&nbsp;<\/p>\n\n\n\n<p>Asimismo, que continuaban con las labores de localizaci\u00f3n de los restos de la otra persona de nombre de (Luis Azael) L. A. M. H., de 18 a\u00f1os de edad, originaria de Tehuantepec, quien fue rescatado este martes.<\/p>\n\n\n\n<p>El mandatario estatal Salom\u00f3n Jara Cruz lament\u00f3 los hechos y  gir\u00f3 instrucciones para que se brinde el apoyo total a las familias.<\/p>\n\n\n\n<p>En la zona laboraron elementos del Heroico Cuerpo de Bomberos y de Protecci\u00f3n Civil estatal, entre otras corporaciones.<\/p>\n","protected":false},"excerpt":{"rendered":"<p>Ismael Garc\u00eda M.\/Zona Roja. Oaxaca de Ju\u00e1rez, Oax., a 26 de marzo de 2024.- Los&hellip;<\/p>\n","protected":false},"author":2,"featured_media":66655,"comment_status":"closed","ping_status":"open","sticky":false,"template":"","format":"standard","meta":{"_lmt_disableupdate":"","_lmt_disable":"","_jetpack_memberships_contains_paid_content":false,"footnotes":""},"categories":[109,47],"tags":[125],"class_list":["post-66650","post","type-post","status-publish","format-standard","has-post-thumbnail","hentry","category-minuto-a-minuto","category-zona-gris","tag-santo-domingo-tehuantepec"],"jetpack_featured_media_url":"https:\/\/zonaroja.com.mx\/wp-content\/uploads\/2024\/03\/Sepultados-derrumbe-Tehuantepec.jpg","jetpack_sharing_enabled":true,"_links":{"self":[{"href":"https:\/\/zonaroja.com.mx\/index.php?rest_route=\/wp\/v2\/posts\/66650","targetHints":{"allow":["GET"]}}],"collection":[{"href":"https:\/\/zonaroja.com.mx\/index.php?rest_route=\/wp\/v2\/posts"}],"about":[{"href":"https:\/\/zonaroja.com.mx\/index.php?rest_route=\/wp\/v2\/types\/post"}],"author":[{"embeddable":true,"href":"https:\/\/zonaroja.com.mx\/index.php?rest_route=\/wp\/v2\/users\/2"}],"replies":[{"embeddable":true,"href":"https:\/\/zonaroja.com.mx\/index.php?rest_route=%2Fwp%2Fv2%2Fcomments&post=66650"}],"version-history":[{"count":3,"href":"https:\/\/zonaroja.com.mx\/index.php?rest_route=\/wp\/v2\/posts\/66650\/revisions"}],"predecessor-version":[{"id":66664,"href":"https:\/\/zonaroja.com.mx\/index.php?rest_route=\/wp\/v2\/posts\/66650\/revisions\/66664"}],"wp:featuredmedia":[{"embeddable":true,"href":"https:\/\/zonaroja.com.mx\/index.php?rest_route=\/wp\/v2\/media\/66655"}],"wp:attachment":[{"href":"https:\/\/zonaroja.com.mx\/index.php?rest_route=%2Fwp%2Fv2%2Fmedia&parent=66650"}],"wp:term":[{"taxonomy":"category","embeddable":true,"href":"https:\/\/zonaroja.com.mx\/index.php?rest_route=%2Fwp%2Fv2%2Fcategories&post=66650"},{"taxonomy":"post_tag","embeddable":true,"href":"https:\/\/zonaroja.com.mx\/index.php?rest_route=%2Fwp%2Fv2%2Ftags&post=66650"}],"curies":[{"name":"wp","href":"https:\/\/api.w.org\/{rel}","templated":true}]}}