{"id":6667,"date":"2019-12-14T10:05:00","date_gmt":"2019-12-14T16:05:00","guid":{"rendered":"http:\/\/www.zonaroja.com.mx\/?p=6667"},"modified":"2019-12-14T10:05:03","modified_gmt":"2019-12-14T16:05:03","slug":"exigen-justicia-a-nivel-internacional-para-saxofonista-atacada-con-acido-en-oaxaca","status":"publish","type":"post","link":"https:\/\/zonaroja.com.mx\/?p=6667","title":{"rendered":"Exigen justicia a nivel internacional para saxofonista atacada con \u00e1cido en Oaxaca"},"content":{"rendered":"\n<p>Evlin Arag\u00f3n\/Zona Roja.<\/p>\n\n\n\n<p>Oaxaca de Ju\u00e1rez, Oax., 14 de diciembre\nde 2019.- La conmoci\u00f3n por el caso de la saxofonista Mar\u00eda Elena R\u00edos Ortiz,\nquien fue atacada con \u00e1cido al interior de su domicilio sigue, as\u00ed como las\nmuestras de solidaridad nacional e internacional de personas que se han unido a\nla exigencia de justicia para la joven.<\/p>\n\n\n\n<p>Esta vez, Patricia Trujano Granados,\ncantante de \u00f3pera, originaria de Huajuapan de Le\u00f3n y radicada en Europa, se\nuni\u00f3 al grito de ayuda y exigencia de justicia que mantiene la familia de la\njoven desde el pasado 11 de septiembre que se registraron los hechos, en este\nmunicipio de la Mixteca oaxaque\u00f1a.<\/p>\n\n\n\n<p>\u201cMe siento totalmente avergonzada por\neste hecho, me siento aterrada que en Huajuapan, Oaxaca, en M\u00e9xico y en el\nmundo entero sucedan este tipo de cosas tan graves, tan delicadas, tan\nhirientes para todas las mujeres\u201d, aseguro la artista entre l\u00e1grimas.<\/p>\n\n\n\n<p>Con un video en sus redes sociales y desde Viena, Austria, en donde actualmente se encuentra, la cantante oaxaque\u00f1a exigi\u00f3 a las autoridades estales encabezadas por el gobernador Alejandro Murat Hinojosa; el fiscal general, Rub\u00e9n Vasconcelos M\u00e9ndez; y la secretaria de las Mujeres, Ana V\u00e1squez Colmenares; para que cumplan con lo que mandata la Ley General de Acceso de las Mujeres a una Vida Libre de Violencia.<\/p>\n\n\n\n<figure class=\"wp-block-embed-twitter wp-block-embed is-type-rich is-provider-twitter\"><div class=\"wp-block-embed__wrapper\">\n<div class=\"twitter-tweet\"><blockquote class=\"twitter-tweet\" data-lang=\"es\"><p lang=\"es\" dir=\"ltr\"><a href=\"https:\/\/twitter.com\/hashtag\/OaxacaGris?src=hash&amp;ref_src=twsrc%5Etfw\">#OaxacaGris<\/a><br>La exigencia de justicia para Mar\u00eda Elena, quemada por \u00e1cido, trasciende a nivel internacional y desde Viena, Austria, la cantante de \u00f3pera Patricia Trujano, demanda al <a href=\"https:\/\/twitter.com\/GobOax?ref_src=twsrc%5Etfw\">@goboax<\/a> y a <a href=\"https:\/\/twitter.com\/FISCALIA_GobOax?ref_src=twsrc%5Etfw\">@FISCALIA_GobOax<\/a> urgente atenci\u00f3n y evitar impunidad. <a href=\"https:\/\/twitter.com\/Fridaguerrera?ref_src=twsrc%5Etfw\">@Fridaguerrera<\/a> <a href=\"https:\/\/twitter.com\/consorciooaxaca?ref_src=twsrc%5Etfw\">@consorciooaxaca<\/a> <a href=\"https:\/\/t.co\/pMovXzmj8t\">pic.twitter.com\/pMovXzmj8t<\/a><\/p>&mdash; Zona Roja Oaxaca (@MexRoja) <a href=\"https:\/\/twitter.com\/MexRoja\/status\/1205564406689452032?ref_src=twsrc%5Etfw\">13 de diciembre de 2019<\/a><\/blockquote><\/div>\n<\/div><\/figure>\n\n\n\n<p>Lament\u00f3 que a 90 d\u00edas de los hechos no\nse hayan atendido los reclamos de justicia de Mar\u00eda Elena y su familia, pues a\npesar de las declaraciones ministeriales y pruebas vinculatorias, el caso se\nmantenga pausado y no existen detenidos pese a que hay se\u00f1alamientos de la\npropia v\u00edctima.<\/p>\n\n\n\n<p>\u201cQuiero justicia para Mar\u00eda Elena, eso\nes lo que quiero, porque no es justo que se est\u00e9n echando la bolita todos, a m\u00ed\nno me importa de qui\u00e9n sea el problema, tienen que hacer algo, el responsable\ntiene que ser castigado con todo el peso de la ley, pido que al caso de Mar\u00eda\nElena se le d\u00e9 pronta respuesta\u201d, dijo.<\/p>\n\n\n\n<p>De igual forma, pidi\u00f3 &#8211;como lo han\nhecho activistas y legisladoras locales y federales&#8211; que se aplique todo el\npeso de la ley a los agresores de la joven.<\/p>\n\n\n\n<p>Finalmente, hizo un reconocimiento a la\njoven, a quien llamo valiente por denunciar a su agresor \u201cestoy muy orgullosa\nde ti, estas siendo muy valiente y estamos todas contigo\u201d dijo, a la par que le\nofreci\u00f3 su apoyo y llam\u00f3 a la comunidad a hacer lo mismo por Mar\u00eda Elena.<\/p>\n\n\n\n<p>Las muestras de apoyo para la joven\nsaxofonista aumentan en las redes sociales ya que la petici\u00f3n de justicia\nlanzada hace dos d\u00edas en la plataforma Change.org ha rebasado hasta el momento las\nsiete mil firmas.<\/p>\n","protected":false},"excerpt":{"rendered":"<p>Evlin Arag\u00f3n\/Zona Roja. Oaxaca de Ju\u00e1rez, Oax., 14 de diciembre de 2019.- La conmoci\u00f3n por&hellip;<\/p>\n","protected":false},"author":2,"featured_media":6617,"comment_status":"closed","ping_status":"open","sticky":false,"template":"","format":"standard","meta":{"_lmt_disableupdate":"","_lmt_disable":"","_jetpack_memberships_contains_paid_content":false,"footnotes":""},"categories":[109,51],"tags":[1124,1139],"class_list":["post-6667","post","type-post","status-publish","format-standard","has-post-thumbnail","hentry","category-minuto-a-minuto","category-zona-roja","tag-maria-elena-rios-ortiz","tag-patricia-granados-trujano"],"jetpack_featured_media_url":"https:\/\/zonaroja.com.mx\/wp-content\/uploads\/2019\/12\/\u00c1cido-Mar\u00eda-Elena-R\u00edos-2.jpg","jetpack_sharing_enabled":true,"_links":{"self":[{"href":"https:\/\/zonaroja.com.mx\/index.php?rest_route=\/wp\/v2\/posts\/6667","targetHints":{"allow":["GET"]}}],"collection":[{"href":"https:\/\/zonaroja.com.mx\/index.php?rest_route=\/wp\/v2\/posts"}],"about":[{"href":"https:\/\/zonaroja.com.mx\/index.php?rest_route=\/wp\/v2\/types\/post"}],"author":[{"embeddable":true,"href":"https:\/\/zonaroja.com.mx\/index.php?rest_route=\/wp\/v2\/users\/2"}],"replies":[{"embeddable":true,"href":"https:\/\/zonaroja.com.mx\/index.php?rest_route=%2Fwp%2Fv2%2Fcomments&post=6667"}],"version-history":[{"count":1,"href":"https:\/\/zonaroja.com.mx\/index.php?rest_route=\/wp\/v2\/posts\/6667\/revisions"}],"predecessor-version":[{"id":6668,"href":"https:\/\/zonaroja.com.mx\/index.php?rest_route=\/wp\/v2\/posts\/6667\/revisions\/6668"}],"wp:featuredmedia":[{"embeddable":true,"href":"https:\/\/zonaroja.com.mx\/index.php?rest_route=\/wp\/v2\/media\/6617"}],"wp:attachment":[{"href":"https:\/\/zonaroja.com.mx\/index.php?rest_route=%2Fwp%2Fv2%2Fmedia&parent=6667"}],"wp:term":[{"taxonomy":"category","embeddable":true,"href":"https:\/\/zonaroja.com.mx\/index.php?rest_route=%2Fwp%2Fv2%2Fcategories&post=6667"},{"taxonomy":"post_tag","embeddable":true,"href":"https:\/\/zonaroja.com.mx\/index.php?rest_route=%2Fwp%2Fv2%2Ftags&post=6667"}],"curies":[{"name":"wp","href":"https:\/\/api.w.org\/{rel}","templated":true}]}}