{"id":66670,"date":"2024-03-26T11:30:00","date_gmt":"2024-03-26T17:30:00","guid":{"rendered":"http:\/\/www.zonaroja.com.mx\/?p=66670"},"modified":"2024-03-26T11:57:59","modified_gmt":"2024-03-26T17:57:59","slug":"inicia-la-profeco-operativo-semana-santa-y-de-pascua-2024","status":"publish","type":"post","link":"https:\/\/zonaroja.com.mx\/?p=66670","title":{"rendered":"Inicia la Profeco operativo \u201cSemana Santa y de Pascua 2024\u201d"},"content":{"rendered":"\n<p>Redacci\u00f3n\/Zona Roja.&nbsp;<\/p>\n\n\n\n<p>Oaxaca de Ju\u00e1rez, Oax., a&nbsp;26 de marzo de 2024.-&nbsp;Del 23 de marzo al 7 de abril de 2024, la Oficina de la Profeco en Oaxaca, implementa el&nbsp;Programa de Verificaci\u00f3n y Vigilancia \u201cSemana Santa y de Pascua 2024\u201d, que tiene por objetivo&nbsp;que los comercios respeten los derechos de&nbsp;la&nbsp;poblaci\u00f3n&nbsp;consumidora&nbsp;durante esta temporada vacacional.<\/p>\n\n\n\n<p>Se enfoca principalmente en&nbsp;los principales centros&nbsp;tur\u00edsticos&nbsp;del estado:&nbsp;Puerto Escondido, Huatulco,&nbsp;Centro Hist\u00f3rico&nbsp;de Oaxaca de Ju\u00e1rez y municipios de Valles Centrales con mayor afluencia de visitantes.&nbsp;<\/p>\n\n\n\n<p>Por instrucciones del procurador&nbsp;Federal del Consumidor,&nbsp;David Aguilar Romero,&nbsp;en Oaxaca&nbsp;se&nbsp;atender\u00e1n las denuncias de consumidores mediante visitas de verificaci\u00f3n&nbsp;y&nbsp;se&nbsp;realizar\u00e1n adem\u00e1s las siguientes acciones preventivas:&nbsp;<\/p>\n\n\n\n<p>Visitas de vigilancia&nbsp;y colocaci\u00f3n de preciadores&nbsp;en los comercio con giros relacionados a los servicios tur\u00edsticos, como&nbsp;hoteles, restaurantes,&nbsp;l\u00edneas camioneras,&nbsp;agencias de viaje&nbsp;y&nbsp;aquellos comercios que participan en las diversas ferias&nbsp;<\/p>\n\n\n\n<p>Calibraci\u00f3n de b\u00e1sculas en aeropuertos y comercios para asegurar que pesen&nbsp;kilos de a kilo.<\/p>\n\n\n\n<p>Actividades en presencia y recorridos por parte del personal de esta procuradur\u00eda en los principales lugares donde haya comercializaci\u00f3n de bienes, productos y servicios alusivos a la \u201cSemana Santa y de Pascua 2024\u201d<\/p>\n\n\n\n<p>La&nbsp;titular de Profeco en Oaxaca, Mar\u00eda de Lourdes Santiago Cruz,&nbsp;exhorta a &nbsp;proveedores que eviten&nbsp;infringir&nbsp;la Ley Federal de Protecci\u00f3n al Consumidor&nbsp;al no exhibir de manera visible precios, tarifas y condiciones del servicio; cobrar comisi\u00f3n por pago con tarjeta, &nbsp;imponer la propina o&nbsp;seleccionar su&nbsp;clientela.&nbsp;<\/p>\n\n\n\n<p>La Profeco reitera su compromiso por proteger a la poblaci\u00f3n consumidora y&nbsp;pone a&nbsp;su&nbsp;disposici\u00f3n los canales de comunicaci\u00f3n para reportar&nbsp;a proveedores abusivos &nbsp;o&nbsp;solicitar asesor\u00eda al&nbsp;Tel\u00e9fono del Consumidor 800 468 8722, en la ciudad de Oaxaca el 951 51 3 41 41,&nbsp;y en Huatulco al 958 58 71070&nbsp;y de las redes sociales oficiales en&nbsp;Twitter: @AtencionProfeco&nbsp;y en Facebook:&nbsp;ProfecoOficial.<\/p>\n","protected":false},"excerpt":{"rendered":"<p>Redacci\u00f3n\/Zona Roja.&nbsp; Oaxaca de Ju\u00e1rez, Oax., a&nbsp;26 de marzo de 2024.-&nbsp;Del 23 de marzo al&hellip;<\/p>\n","protected":false},"author":2,"featured_media":66654,"comment_status":"closed","ping_status":"open","sticky":false,"template":"","format":"standard","meta":{"_lmt_disableupdate":"","_lmt_disable":"","_jetpack_memberships_contains_paid_content":false,"footnotes":""},"categories":[109,46],"tags":[788],"class_list":["post-66670","post","type-post","status-publish","format-standard","has-post-thumbnail","hentry","category-minuto-a-minuto","category-zona-blanca","tag-profeco-oaxaca"],"jetpack_featured_media_url":"https:\/\/zonaroja.com.mx\/wp-content\/uploads\/2024\/03\/Profeco-operativo-Semana-Santa.jpg","jetpack_sharing_enabled":true,"_links":{"self":[{"href":"https:\/\/zonaroja.com.mx\/index.php?rest_route=\/wp\/v2\/posts\/66670","targetHints":{"allow":["GET"]}}],"collection":[{"href":"https:\/\/zonaroja.com.mx\/index.php?rest_route=\/wp\/v2\/posts"}],"about":[{"href":"https:\/\/zonaroja.com.mx\/index.php?rest_route=\/wp\/v2\/types\/post"}],"author":[{"embeddable":true,"href":"https:\/\/zonaroja.com.mx\/index.php?rest_route=\/wp\/v2\/users\/2"}],"replies":[{"embeddable":true,"href":"https:\/\/zonaroja.com.mx\/index.php?rest_route=%2Fwp%2Fv2%2Fcomments&post=66670"}],"version-history":[{"count":2,"href":"https:\/\/zonaroja.com.mx\/index.php?rest_route=\/wp\/v2\/posts\/66670\/revisions"}],"predecessor-version":[{"id":66676,"href":"https:\/\/zonaroja.com.mx\/index.php?rest_route=\/wp\/v2\/posts\/66670\/revisions\/66676"}],"wp:featuredmedia":[{"embeddable":true,"href":"https:\/\/zonaroja.com.mx\/index.php?rest_route=\/wp\/v2\/media\/66654"}],"wp:attachment":[{"href":"https:\/\/zonaroja.com.mx\/index.php?rest_route=%2Fwp%2Fv2%2Fmedia&parent=66670"}],"wp:term":[{"taxonomy":"category","embeddable":true,"href":"https:\/\/zonaroja.com.mx\/index.php?rest_route=%2Fwp%2Fv2%2Fcategories&post=66670"},{"taxonomy":"post_tag","embeddable":true,"href":"https:\/\/zonaroja.com.mx\/index.php?rest_route=%2Fwp%2Fv2%2Ftags&post=66670"}],"curies":[{"name":"wp","href":"https:\/\/api.w.org\/{rel}","templated":true}]}}