{"id":66672,"date":"2024-03-26T12:30:00","date_gmt":"2024-03-26T18:30:00","guid":{"rendered":"http:\/\/www.zonaroja.com.mx\/?p=66672"},"modified":"2024-03-26T19:48:39","modified_gmt":"2024-03-27T01:48:39","slug":"actua-fiscalia-en-otros-tres-casos-contra-abusadores-sexuales-y-delincuentes","status":"publish","type":"post","link":"https:\/\/zonaroja.com.mx\/?p=66672","title":{"rendered":"Act\u00faa Fiscal\u00eda en otros tres casos contra abusadores sexuales y delincuentes"},"content":{"rendered":"\n<p>Redacci\u00f3n\/Zona Roja.<\/p>\n\n\n\n<p>Oaxaca de Ju\u00e1rez, Oax., a 25 de marzo de 2024.- La Fiscal\u00eda General del Estado de Oaxaca ejecut\u00f3 una orden de aprehensi\u00f3n en contra de una persona del sexo masculino identificada como A.B.S.J., por el delito de acoso sexual, hechos ocurridos en la regi\u00f3n de la Costa.<\/p>\n\n\n\n<p>De acuerdo con el expediente penal, los hechos ocurrieron el 10 de marzo de 2024, en el mercado de Santa Cruz Huatulco, cuando el agresor se acerc\u00f3 a la v\u00edctima -cuya identidad est\u00e1 reservada por ley- ante quien tuvo una conducta que, de acuerdo con el C\u00f3digo Penal Vigente del Estado de Oaxaca, se configura el delito de Acoso Sexual.<\/p>\n\n\n\n<p>Al tener conocimiento de los hechos, la Fiscal\u00eda de Oaxaca, a trav\u00e9s de la Vicefiscal\u00eda Regional de la Costa, inici\u00f3 las indagatorias correspondientes, que permitieron ejecutar la orden de aprehensi\u00f3n en contra de una persona del sexo masculino identificada como A.B.S.J., quien qued\u00f3 a disposici\u00f3n de la autoridad ministerial para que se determine su situaci\u00f3n jur\u00eddica.<\/p>\n\n\n\n<p>EN LA COSTA&nbsp;<\/p>\n\n\n\n<p>Por otra parte, la Fiscal\u00eda General ejecut\u00f3 una orden de aprehensi\u00f3n en contra de la persona del sexo masculino identificada por las iniciales A.M.L., por el delito de Violaci\u00f3n, cometido en agravio de una adolescente en la regi\u00f3n de la Costa.<\/p>\n\n\n\n<p>De acuerdo con la causa penal, los hechos ocurrieron el 23 de agosto de 2023, cuando la v\u00edctima (cuya identidad est\u00e1 reservada por ley al ser menor de edad) acudi\u00f3 a un local localizado en el centro de la poblaci\u00f3n de San Jos\u00e9 Chacalapa, jurisdicci\u00f3n de San Pedro Pochutla, sitio en el que fue agredida de manera sexual.<\/p>\n\n\n\n<p>Ante estos hechos, la Fiscal\u00eda de Oaxaca inici\u00f3 la carpeta para realizar las investigaciones al respecto, derivadas de las que, el Juez que atiende la causa liber\u00f3 una orden de aprehensi\u00f3n, la cual fue ejecutada por elementos de la Agencia Estatal de Investigaciones (AEI) adscritos a la Comandancia de Pochutla.<\/p>\n\n\n\n<p>Tras la detenci\u00f3n de A.M.L., fue puesto a disposici\u00f3n ante la autoridad judicial que lo requiri\u00f3, quien determinar\u00e1 su situaci\u00f3n jur\u00eddica.<\/p>\n\n\n\n<p>EN EL ISTMO<\/p>\n\n\n\n<p>En otro caso y como resultado de la acci\u00f3n de los trabajos ministeriales que realiza la Fiscal\u00eda General del Estado de Oaxaca (FGEO), obtuvo auto de vinculaci\u00f3n a proceso y prisi\u00f3n preventiva en contra una persona del sexo masculino identificada como S. R. S., o S. C. S., imputado por el delito de tentativa de homicidio calificado en agravio de J.M.R.S., hechos ocurridos en la regi\u00f3n del Istmo de Tehuantepec.<\/p>\n\n\n\n<p>De acuerdo con lo asentado en el expediente penal del caso, los hechos ocurrieron el 19 de marzo de 2024, cuando la v\u00edctima fue atacada con un arma blanca por lo que result\u00f3 con diversas lesiones, hechos ocurridos en un domicilio ubicado en la Segunda Secci\u00f3n de la poblaci\u00f3n de Reforma de Pineda.<\/p>\n\n\n\n<p>Una vez atendido en un hospital, la v\u00edctima denunci\u00f3 los hechos, por lo que se iniciaron las investigaciones de las que se obtuvo la orden de aprehensi\u00f3n en contra de S. R. S. o S. C. S., quien fue detenido y presentado ante el Juez que atiende la causa, quien dict\u00f3 auto de vinculaci\u00f3n a proceso en contra del imputado, a quien impuso la medida cautelar de prisi\u00f3n preventiva y otorg\u00f3 tres meses para el cierre de la investigaci\u00f3n complementaria.<\/p>\n","protected":false},"excerpt":{"rendered":"<p>Redacci\u00f3n\/Zona Roja. Oaxaca de Ju\u00e1rez, Oax., a 25 de marzo de 2024.- La Fiscal\u00eda General&hellip;<\/p>\n","protected":false},"author":2,"featured_media":48872,"comment_status":"closed","ping_status":"open","sticky":false,"template":"","format":"standard","meta":{"_lmt_disableupdate":"","_lmt_disable":"","_jetpack_memberships_contains_paid_content":false,"footnotes":""},"categories":[109,46],"tags":[494],"class_list":["post-66672","post","type-post","status-publish","format-standard","has-post-thumbnail","hentry","category-minuto-a-minuto","category-zona-blanca","tag-fiscalia-general-del-estado-de-oaxaca"],"jetpack_featured_media_url":"https:\/\/zonaroja.com.mx\/wp-content\/uploads\/2022\/12\/Detenido-detencion-aprehension.jpg","jetpack_sharing_enabled":true,"_links":{"self":[{"href":"https:\/\/zonaroja.com.mx\/index.php?rest_route=\/wp\/v2\/posts\/66672","targetHints":{"allow":["GET"]}}],"collection":[{"href":"https:\/\/zonaroja.com.mx\/index.php?rest_route=\/wp\/v2\/posts"}],"about":[{"href":"https:\/\/zonaroja.com.mx\/index.php?rest_route=\/wp\/v2\/types\/post"}],"author":[{"embeddable":true,"href":"https:\/\/zonaroja.com.mx\/index.php?rest_route=\/wp\/v2\/users\/2"}],"replies":[{"embeddable":true,"href":"https:\/\/zonaroja.com.mx\/index.php?rest_route=%2Fwp%2Fv2%2Fcomments&post=66672"}],"version-history":[{"count":2,"href":"https:\/\/zonaroja.com.mx\/index.php?rest_route=\/wp\/v2\/posts\/66672\/revisions"}],"predecessor-version":[{"id":66688,"href":"https:\/\/zonaroja.com.mx\/index.php?rest_route=\/wp\/v2\/posts\/66672\/revisions\/66688"}],"wp:featuredmedia":[{"embeddable":true,"href":"https:\/\/zonaroja.com.mx\/index.php?rest_route=\/wp\/v2\/media\/48872"}],"wp:attachment":[{"href":"https:\/\/zonaroja.com.mx\/index.php?rest_route=%2Fwp%2Fv2%2Fmedia&parent=66672"}],"wp:term":[{"taxonomy":"category","embeddable":true,"href":"https:\/\/zonaroja.com.mx\/index.php?rest_route=%2Fwp%2Fv2%2Fcategories&post=66672"},{"taxonomy":"post_tag","embeddable":true,"href":"https:\/\/zonaroja.com.mx\/index.php?rest_route=%2Fwp%2Fv2%2Ftags&post=66672"}],"curies":[{"name":"wp","href":"https:\/\/api.w.org\/{rel}","templated":true}]}}