{"id":66674,"date":"2024-03-26T13:10:00","date_gmt":"2024-03-26T19:10:00","guid":{"rendered":"http:\/\/www.zonaroja.com.mx\/?p=66674"},"modified":"2024-03-26T08:12:25","modified_gmt":"2024-03-26T14:12:25","slug":"florida-eu-prohibira-que-menores-de-edad-tengan-acceso-a-redes-sociales","status":"publish","type":"post","link":"https:\/\/zonaroja.com.mx\/?p=66674","title":{"rendered":"Florida, EU, prohibir\u00e1 que menores de edad tengan acceso a redes sociales"},"content":{"rendered":"\n<p>Redacci\u00f3n\/Zona Roja Cdmx.<\/p>\n\n\n\n<p>Ciudad de M\u00e9xico, a 26 de marzo de 2024.- El gobernador de Florida, Ron DeSantis, promulg\u00f3 ayer un proyecto de ley que proh\u00edbe a los menores de 14 a\u00f1os acceder a aplicaciones de redes sociales y exige a los de 14 y 15 a\u00f1os obtener el consentimiento paterno, lo que les proteger\u00e1 de los riesgos en l\u00ednea para su salud mental, seg\u00fan sus partidarios.<\/p>\n\n\n\n<p>La medida obliga a dichas plataformas a cancelar las cuentas de los menores de 14 a\u00f1os, as\u00ed como la de los de 15 y 16 que no tengan consentimiento paterno. Adem\u00e1s, exige que utilicen un sistema de verificaci\u00f3n de terceros para descartar que los chicos ingresen.<\/p>\n\n\n\n<p>\u201cLas redes sociales perjudican a los ni\u00f1os de muchas maneras\u201d, afirm\u00f3 DeSantis en un comunicado, tras enfatizar que la legislaci\u00f3n \u201cda a los padres una mayor capacidad para proteger a sus hijos\u201d.<\/p>\n\n\n\n<p>Los partidarios de la norma han dicho que la ley detendr\u00e1 los efectos nocivos de las redes sociales en el bienestar de los ni\u00f1os que utilizan estas plataformas en exceso y pueden experimentar ansiedad, depresi\u00f3n y otras enfermedades mentales.<\/p>\n\n\n\n<p>Por otra parte, el juez de distrito en San Francisco Charles Breyer, desestim\u00f3 la demanda de X contra un grupo sin \u00e1nimo de lucro que ha criticado el aumento de la incitaci\u00f3n al odio en la red social antes conocida como Twitter desde que Elon Musk se hizo cargo de ella.<\/p>\n\n\n\n<p>Breyer concluy\u00f3 que era evidente que X demand\u00f3 al Centro para Contrarrestar el Odio Digital porque no le gustaban sus cr\u00edticas y tem\u00eda que su investigaci\u00f3n da\u00f1ara la imagen de X y ahuyentara a los anunciantes.<\/p>\n\n\n\n<p>Por otra parte, en la Uni\u00f3n Europea (UE) los reguladores de defensa de la competencia del bloque abrieron las primeras investigaciones en virtud de la Ley de Mercados Digitales sobre Apple, Google de Alphabet y Meta Platforms por posibles infracciones de la emblem\u00e1tica normativa tecnol\u00f3gica en ese continente.<\/p>\n\n\n\n<p>El organismo investigar\u00e1 las normas de Alphabet sobre la direcci\u00f3n en Google Play y la autopreferencia en Google Search, las normas de Apple sobre direccionamiento en su tienda de aplicaci\u00f3n la pantalla de elecci\u00f3n de Safari y el \u201cmodelo de pago o consentimiento\u201d de Meta.<\/p>\n\n\n\n<p>La ley, en vigor desde el 7 de marzo, obliga a seis \u201cguardianes de acceso\u201d a cumplir directrices que garanticen la igualdad de condiciones para rivales y ofrezcan m\u00e1s opciones a los usuarios. Las infracciones podr\u00edan ser de hasta 10 por ciento de la facturaci\u00f3n anual global de las empresas.<\/p>\n\n\n\n<p>(Informaci\u00f3n de la agencia Reuters en \u201cLa Jornada\u201d)<\/p>\n","protected":false},"excerpt":{"rendered":"<p>Redacci\u00f3n\/Zona Roja Cdmx. Ciudad de M\u00e9xico, a 26 de marzo de 2024.- El gobernador de&hellip;<\/p>\n","protected":false},"author":2,"featured_media":12071,"comment_status":"closed","ping_status":"open","sticky":false,"template":"","format":"standard","meta":{"_lmt_disableupdate":"","_lmt_disable":"","_jetpack_memberships_contains_paid_content":false,"footnotes":""},"categories":[109,47],"tags":[],"class_list":["post-66674","post","type-post","status-publish","format-standard","has-post-thumbnail","hentry","category-minuto-a-minuto","category-zona-gris"],"jetpack_featured_media_url":"https:\/\/zonaroja.com.mx\/wp-content\/uploads\/2020\/05\/Redes-sociales.jpg","jetpack_sharing_enabled":true,"_links":{"self":[{"href":"https:\/\/zonaroja.com.mx\/index.php?rest_route=\/wp\/v2\/posts\/66674","targetHints":{"allow":["GET"]}}],"collection":[{"href":"https:\/\/zonaroja.com.mx\/index.php?rest_route=\/wp\/v2\/posts"}],"about":[{"href":"https:\/\/zonaroja.com.mx\/index.php?rest_route=\/wp\/v2\/types\/post"}],"author":[{"embeddable":true,"href":"https:\/\/zonaroja.com.mx\/index.php?rest_route=\/wp\/v2\/users\/2"}],"replies":[{"embeddable":true,"href":"https:\/\/zonaroja.com.mx\/index.php?rest_route=%2Fwp%2Fv2%2Fcomments&post=66674"}],"version-history":[{"count":1,"href":"https:\/\/zonaroja.com.mx\/index.php?rest_route=\/wp\/v2\/posts\/66674\/revisions"}],"predecessor-version":[{"id":66675,"href":"https:\/\/zonaroja.com.mx\/index.php?rest_route=\/wp\/v2\/posts\/66674\/revisions\/66675"}],"wp:featuredmedia":[{"embeddable":true,"href":"https:\/\/zonaroja.com.mx\/index.php?rest_route=\/wp\/v2\/media\/12071"}],"wp:attachment":[{"href":"https:\/\/zonaroja.com.mx\/index.php?rest_route=%2Fwp%2Fv2%2Fmedia&parent=66674"}],"wp:term":[{"taxonomy":"category","embeddable":true,"href":"https:\/\/zonaroja.com.mx\/index.php?rest_route=%2Fwp%2Fv2%2Fcategories&post=66674"},{"taxonomy":"post_tag","embeddable":true,"href":"https:\/\/zonaroja.com.mx\/index.php?rest_route=%2Fwp%2Fv2%2Ftags&post=66674"}],"curies":[{"name":"wp","href":"https:\/\/api.w.org\/{rel}","templated":true}]}}