{"id":66679,"date":"2024-03-26T17:56:34","date_gmt":"2024-03-26T23:56:34","guid":{"rendered":"http:\/\/www.zonaroja.com.mx\/?p=66679"},"modified":"2024-03-26T17:56:36","modified_gmt":"2024-03-26T23:56:36","slug":"impide-policia-reinstalacion-de-puestos-de-sol-rojo-vecinos-celebran-accion","status":"publish","type":"post","link":"https:\/\/zonaroja.com.mx\/?p=66679","title":{"rendered":"Impide polic\u00eda reinstalaci\u00f3n de puestos de \u201cSol Rojo\u201d; vecinos celebran acci\u00f3n"},"content":{"rendered":"\n<p>Yuridiana Sosa\/Zona Roja.<\/p>\n\n\n\n<p>Oaxaca de Ju\u00e1rez, Oax., a 26 de marzo de 2024.- Vecinos y comerciantes del Centro Hist\u00f3rico, de inmediaciones del templo de Santo Domingo de Guzm\u00e1n, celebraron la intervenci\u00f3n de la polic\u00eda municipal de Oaxaca de Ju\u00e1rez para evitar la reinstalaci\u00f3n de puestos ambulantes de la organizaci\u00f3n \u201cSol Rojo\u201d, que ya hab\u00edan comenzado a montar sus estructuras.<\/p>\n\n\n\n<p>Ante esa pretensi\u00f3n, los ciudadanos exigieron al gobierno estatal y de la capital mantener el cumplimiento de acciones de rescate de los espacios p\u00fablicos y la preservaci\u00f3n del Patrimonio Cultural de la Humanidad, pues dicha organizaci\u00f3n mantiene presencia sobre la calle de Gurri\u00f3n.<\/p>\n\n\n\n<p>Los vecinos y comerciantes de las calles Macedonio Alcal\u00e1, Ignacio Allende, Gurri\u00f3n, Constituci\u00f3n y 5 de Mayo, de la Colonia Centro de la capital, denunciaron que la ma\u00f1ana del 23 de marzo, de forma ilegal y con alevos\u00eda, \u201cSol Rojo\u201d instal\u00f3 estructuras para puestos ambulantes en la calle de Gurri\u00f3n para aprovechar el periodo vacacional de Semana Santa.<\/p>\n\n\n\n<p>Pues la organizaci\u00f3n mantiene un plant\u00f3n en dicha calle tras el retiro de sus puestos el pasado 14 de febrero, por lo que el montaje de las estructuras representar\u00eda la invasi\u00f3n de este espacio una vez m\u00e1s.<\/p>\n\n\n\n<p>Ante el hecho, la noche del 24 de marzo inspectores del \u00e1rea de comercio en V\u00eda P\u00fablica y la Polic\u00eda Municipal intervinieron para retirar las estructuras para puestos, lo cual agradecieron los vecinos al ayuntamiento capitalino, que encabez\u00f3 Francisco Mart\u00ednez Neri.<\/p>\n\n\n\n<p>PIDEN M\u00c1S ATENCI\u00d3N<\/p>\n\n\n\n<p>Los comerciantes y vecinos recordaron que el pasado 14 de febrero la Secretar\u00eda de Gobierno dio a conocer en un comunicado que mediante el di\u00e1logo y diversas mesas de atenci\u00f3n se logr\u00f3 el acuerdo para el retiro de los puestos.<\/p>\n\n\n\n<p>Sin embargo, reclamaron que \u201cno fue del todo cierto ya que contin\u00faa la presencia a trav\u00e9s de un campamento temporal\u201d.<\/p>\n\n\n\n<p>Por lo que exhortaron a las autoridades del gobierno del estado y municipal a preservar el Estado de Derecho y proteger los espacios que son considerados como Patrimonio Cultural de la Humanidad.<\/p>\n\n\n\n<p>As\u00ed como demandaron actuar conforme a sus facultades y atribuciones de las tareas encomendadas por la ley, y exigieron la coordinaci\u00f3n interinstitucional \u201cpara evitar evadir sus responsabilidades en torno a los acuerdos a que hayan llegado con esa organizaci\u00f3n y contar con un Centro Hist\u00f3rico que merecen los oaxaque\u00f1os y mexicanos\u201d.<\/p>\n","protected":false},"excerpt":{"rendered":"<p>Yuridiana Sosa\/Zona Roja. Oaxaca de Ju\u00e1rez, Oax., a 26 de marzo de 2024.- Vecinos y&hellip;<\/p>\n","protected":false},"author":2,"featured_media":66681,"comment_status":"closed","ping_status":"open","sticky":false,"template":"","format":"standard","meta":{"_lmt_disableupdate":"","_lmt_disable":"","_jetpack_memberships_contains_paid_content":false,"footnotes":""},"categories":[109,46],"tags":[148],"class_list":["post-66679","post","type-post","status-publish","format-standard","has-post-thumbnail","hentry","category-minuto-a-minuto","category-zona-blanca","tag-oaxaca-de-juarez"],"jetpack_featured_media_url":"https:\/\/zonaroja.com.mx\/wp-content\/uploads\/2024\/03\/Retiro-ambulantes-centro-ciudad-de-Oaxaca.jpg","jetpack_sharing_enabled":true,"_links":{"self":[{"href":"https:\/\/zonaroja.com.mx\/index.php?rest_route=\/wp\/v2\/posts\/66679","targetHints":{"allow":["GET"]}}],"collection":[{"href":"https:\/\/zonaroja.com.mx\/index.php?rest_route=\/wp\/v2\/posts"}],"about":[{"href":"https:\/\/zonaroja.com.mx\/index.php?rest_route=\/wp\/v2\/types\/post"}],"author":[{"embeddable":true,"href":"https:\/\/zonaroja.com.mx\/index.php?rest_route=\/wp\/v2\/users\/2"}],"replies":[{"embeddable":true,"href":"https:\/\/zonaroja.com.mx\/index.php?rest_route=%2Fwp%2Fv2%2Fcomments&post=66679"}],"version-history":[{"count":1,"href":"https:\/\/zonaroja.com.mx\/index.php?rest_route=\/wp\/v2\/posts\/66679\/revisions"}],"predecessor-version":[{"id":66682,"href":"https:\/\/zonaroja.com.mx\/index.php?rest_route=\/wp\/v2\/posts\/66679\/revisions\/66682"}],"wp:featuredmedia":[{"embeddable":true,"href":"https:\/\/zonaroja.com.mx\/index.php?rest_route=\/wp\/v2\/media\/66681"}],"wp:attachment":[{"href":"https:\/\/zonaroja.com.mx\/index.php?rest_route=%2Fwp%2Fv2%2Fmedia&parent=66679"}],"wp:term":[{"taxonomy":"category","embeddable":true,"href":"https:\/\/zonaroja.com.mx\/index.php?rest_route=%2Fwp%2Fv2%2Fcategories&post=66679"},{"taxonomy":"post_tag","embeddable":true,"href":"https:\/\/zonaroja.com.mx\/index.php?rest_route=%2Fwp%2Fv2%2Ftags&post=66679"}],"curies":[{"name":"wp","href":"https:\/\/api.w.org\/{rel}","templated":true}]}}