{"id":6669,"date":"2019-12-14T17:01:33","date_gmt":"2019-12-14T23:01:33","guid":{"rendered":"http:\/\/www.zonaroja.com.mx\/?p=6669"},"modified":"2019-12-14T17:01:53","modified_gmt":"2019-12-14T23:01:53","slug":"robo-y-violencia-hacia-mujeres-sello-del-primer-informe-de-oswaldo-garcia","status":"publish","type":"post","link":"https:\/\/zonaroja.com.mx\/?p=6669","title":{"rendered":"Robo y violencia hacia mujeres, sello del primer informe de Oswaldo Garc\u00eda"},"content":{"rendered":"\n<p>Redacci\u00f3n\/Zona Roja.<\/p>\n\n\n\n<p>Oaxaca de Ju\u00e1rez, Oax., 14 de diciembre\nde 2019.- \u201cLa paz y el desarrollo social se sustentan en acciones valiosas que\nnecesitan decisiones contundentes\u201d\u2026 <\/p>\n\n\n\n<p>As\u00ed hablaba el presidente municipal de\nOaxaca de Ju\u00e1rez, Oswaldo Garc\u00eda Jarqu\u00edn, durante su primer informe, mientras a\nun lado, uno de sus colaboradores rob\u00f3 un celular a una ciudadana, minutos\nantes, hab\u00edan impedido protesta de animalistas.<\/p>\n\n\n\n<p>Pese a los principios de \u201cNo robar, no\nmentir y no traicionar al pueblo\u201d que postula la Cuarta Transformaci\u00f3n de la\nque forma parte la administraci\u00f3n de Garc\u00eda Jarqu\u00edn, este viernes el robo y la\nviolencia contra las mujeres fueron el sello de su primer informe de\nactividades.<\/p>\n\n\n\n<p>A trav\u00e9s de las redes sociales se\nregistraron las im\u00e1genes de las agresiones ambas en contra de mujeres,\nviolentando as\u00ed la Ley General de Acceso de las Mujeres a una vida libre de\nViolencia vigente en el estado y en el pa\u00eds, y cuyo municipio adem\u00e1s forma\nparte de los 40 con Declaratoria de Alerta de G\u00e9nero.<\/p>\n\n\n\n<p>El video da cuenta de la primera\nagresi\u00f3n cuando personal del gobierno municipal le arrebata el tel\u00e9fono a una\nmujer, bajo el argumento de que agredi\u00f3 en un primer momento sin explicar a qui\u00e9n;\npese a los gritos y reclamos de la afectada su tel\u00e9fono pasa al menos por cinco\nmanos diferentes para despu\u00e9s definitivamente quedarse con el m\u00f3vil.<\/p>\n\n\n\n<p>A pesar de que las im\u00e1genes eran grabadas por algunos medios de comunicaci\u00f3n, el personal de \u201cseguridad\u201d del lugar actu\u00f3 con completo abuso de poder en contra de la ciudadana que reclamaba su pertenencia ante o\u00eddos sordos de funcionarios p\u00fablicos del gobierno municipal.<\/p>\n\n\n\n<figure class=\"wp-block-embed-twitter wp-block-embed is-type-rich is-provider-twitter\"><div class=\"wp-block-embed__wrapper\">\n<div class=\"twitter-tweet\"><blockquote class=\"twitter-tweet\" data-lang=\"es\"><p lang=\"es\" dir=\"ltr\">El <a href=\"https:\/\/twitter.com\/MunicipioOaxaca?ref_src=twsrc%5Etfw\">@MunicipioOaxaca<\/a> de la 4T que preside el edil <a href=\"https:\/\/twitter.com\/oswaldogarciaj?ref_src=twsrc%5Etfw\">@oswaldogarciaj<\/a> dej\u00f3 a un lado los principios morenista de \u201cNo robar, no mentir y no traicionar al pueblo\u201d. Ayer durante el informe, personal del ayuntamiento rob\u00f3 un celular a una ciudadana; antes hab\u00edan agredido a animalistas. <a href=\"https:\/\/t.co\/jFLEuSWnSL\">pic.twitter.com\/jFLEuSWnSL<\/a><\/p>&mdash; Zona Roja Oaxaca (@MexRoja) <a href=\"https:\/\/twitter.com\/MexRoja\/status\/1205875796994330624?ref_src=twsrc%5Etfw\">14 de diciembre de 2019<\/a><\/blockquote><\/div>\n<\/div><\/figure>\n\n\n\n<p>En otro episodio violento y que tambi\u00e9n\nquedo registrado en video, activistas a favor de los derechos animales fueron\njaloneadas, empujadas y silenciadas por un grupo de trabajadores municipales,\nquienes les intentaron en varias ocasiones quitar el altavoz que llevaban para\nmanifestarse en contra del edil.<\/p>\n\n\n\n<p>\u201cMentira no es cierto nada est\u00e9\nresuelto\u201d se escucha segundos antes de que integrantes del municipio atacaran a\nlas mujeres a quienes no les qued\u00f3 m\u00e1s remedio que concluir con su protesta,\nque inclu\u00eda una lona con sus principales demandas que tambi\u00e9n les fue arrebata\ncon violencia.<\/p>\n\n\n\n<p>En sus declaraciones ante los medios de\ncomunicaci\u00f3n aseguraron que su \u00fanica intenci\u00f3n es evidenciar que el edil\nOswaldo Garc\u00eda Jarqu\u00edn no cumple con sus compromisos de campa\u00f1a, los cuales\nfirm\u00f3 con asociaciones protectoras de animales.<\/p>\n\n\n\n<p>\u201cDesde que llegamos nos agredieron, nos\ngolpearon, nos estuvieron picando (el cuerpo) nos manosearon, ah\u00ed me jalaron ya\ncasi me tiran y es personal de municipio, todos son personal del municipio\naunque est\u00e9n vestidos de civil que dijeron que no iban a jalar y llevar a los\nseparos donde nos iban a romper la madre\u201d, denunci\u00f3 Idalis Bautista, representante\nde la organizaci\u00f3n civil \u201cHuellas de Oaxaca\u201d.<\/p>\n\n\n\n<p>Record\u00f3 que la m\u00e1xima ley en M\u00e9xico\navala el derecho a la libre manifestaci\u00f3n por lo que denunciaran a sus\nagresores ya que ahora temen por sus vidas, despu\u00e9s de la reacci\u00f3n violenta que\ntuvo el personal que dirige Garc\u00eda Jarqu\u00edn.<\/p>\n\n\n\n<p>Finalmente, record\u00f3 que en lo que va del\na\u00f1o el edil no ha querido recibir a las activista y se ha negado a realizar\nactividades para reducir la sobrepoblaci\u00f3n de animales en las calles y\ncontribuir a la salud p\u00fablica, raz\u00f3n por la que mantendr\u00e1n sus protestas, las\ncuales incluso llevar\u00e1n a la capital del pa\u00eds.<\/p>\n","protected":false},"excerpt":{"rendered":"<p>Redacci\u00f3n\/Zona Roja. Oaxaca de Ju\u00e1rez, Oax., 14 de diciembre de 2019.- \u201cLa paz y el&hellip;<\/p>\n","protected":false},"author":2,"featured_media":6670,"comment_status":"closed","ping_status":"open","sticky":false,"template":"","format":"standard","meta":{"_lmt_disableupdate":"","_lmt_disable":"","_jetpack_memberships_contains_paid_content":false,"footnotes":""},"categories":[109,47],"tags":[148,115],"class_list":["post-6669","post","type-post","status-publish","format-standard","has-post-thumbnail","hentry","category-minuto-a-minuto","category-zona-gris","tag-oaxaca-de-juarez","tag-oswaldo-garcia-jarquin"],"jetpack_featured_media_url":"https:\/\/zonaroja.com.mx\/wp-content\/uploads\/2019\/12\/IMG_9036.jpg","jetpack_sharing_enabled":true,"_links":{"self":[{"href":"https:\/\/zonaroja.com.mx\/index.php?rest_route=\/wp\/v2\/posts\/6669","targetHints":{"allow":["GET"]}}],"collection":[{"href":"https:\/\/zonaroja.com.mx\/index.php?rest_route=\/wp\/v2\/posts"}],"about":[{"href":"https:\/\/zonaroja.com.mx\/index.php?rest_route=\/wp\/v2\/types\/post"}],"author":[{"embeddable":true,"href":"https:\/\/zonaroja.com.mx\/index.php?rest_route=\/wp\/v2\/users\/2"}],"replies":[{"embeddable":true,"href":"https:\/\/zonaroja.com.mx\/index.php?rest_route=%2Fwp%2Fv2%2Fcomments&post=6669"}],"version-history":[{"count":1,"href":"https:\/\/zonaroja.com.mx\/index.php?rest_route=\/wp\/v2\/posts\/6669\/revisions"}],"predecessor-version":[{"id":6671,"href":"https:\/\/zonaroja.com.mx\/index.php?rest_route=\/wp\/v2\/posts\/6669\/revisions\/6671"}],"wp:featuredmedia":[{"embeddable":true,"href":"https:\/\/zonaroja.com.mx\/index.php?rest_route=\/wp\/v2\/media\/6670"}],"wp:attachment":[{"href":"https:\/\/zonaroja.com.mx\/index.php?rest_route=%2Fwp%2Fv2%2Fmedia&parent=6669"}],"wp:term":[{"taxonomy":"category","embeddable":true,"href":"https:\/\/zonaroja.com.mx\/index.php?rest_route=%2Fwp%2Fv2%2Fcategories&post=6669"},{"taxonomy":"post_tag","embeddable":true,"href":"https:\/\/zonaroja.com.mx\/index.php?rest_route=%2Fwp%2Fv2%2Ftags&post=6669"}],"curies":[{"name":"wp","href":"https:\/\/api.w.org\/{rel}","templated":true}]}}