{"id":66697,"date":"2024-03-27T08:30:00","date_gmt":"2024-03-27T14:30:00","guid":{"rendered":"http:\/\/www.zonaroja.com.mx\/?p=66697"},"modified":"2024-03-27T07:04:24","modified_gmt":"2024-03-27T13:04:24","slug":"instalan-en-segob-mesa-de-atencion-federal-y-estatal-para-conflictos-agrarios","status":"publish","type":"post","link":"https:\/\/zonaroja.com.mx\/?p=66697","title":{"rendered":"Instalan en Segob mesa de atenci\u00f3n federal y estatal para conflictos agrarios"},"content":{"rendered":"\n<p>Redacci\u00f3n\/Zona Roja.<\/p>\n\n\n\n<p>Oaxaca de Ju\u00e1rez, Oax., a 27 de marzo de 2024.- Presidida por la secretaria de Gobernaci\u00f3n (Segob), Luisa Mar\u00eda Alcalde Luj\u00e1n, en la Ciudad de M\u00e9xico se instal\u00f3 la Mesa de Atenci\u00f3n Agraria estatal y federal, con el objetivo de atender y solucionar diversos asuntos de esta \u00edndole en Oaxaca.<\/p>\n\n\n\n<p>La mesa derivada de una instrucci\u00f3n presidencial para atender la conflictividad agraria en la entidad, cont\u00f3 con la participaci\u00f3n de las secretar\u00edas del Medio Ambiente y Recursos Naturales&nbsp;(Semarnat), de Desarrollo Agrario, Territorial y Urbano (Sedatu), la Procuradur\u00eda Agraria (PA) y el Registro Agrario Nacional (RAN).<\/p>\n\n\n\n<p>Tambi\u00e9n, del orden estatal particip\u00f3 la Secretar\u00eda de Gobierno (Sego) encabezada por Jes\u00fas Romero L\u00f3pez y la Junta de Conciliaci\u00f3n Agraria de Oaxaca, en donde se analizaron los ocho conflictos detectados como los m\u00e1s \u00e1lgidos por su historial de v\u00edctimas, agresiones y que en estos momentos generan inestabilidad social.<\/p>\n\n\n\n<p>En este encuentro definieron instalar que en pr\u00f3ximas fechas una Mesa de Atenci\u00f3n en la entidad con la presencia de una comisi\u00f3n de las dependencias federales involucradas y en donde se convocar\u00e1 a los pueblos y comunidades para encontrar planteamientos de soluci\u00f3n a sus conflictos, en donde el punto de partida ser\u00e1n las propuestas realizadas por las mismas poblaciones.<\/p>\n\n\n\n<p>Asimismo, se realizar\u00e1n labores y tareas de seguridad en los municipios donde se localizan los pol\u00edgonos de conflictividad, que permanecer\u00e1n previo, durante y posterior hasta lograr los acuerdos y concretarlos.<\/p>\n\n\n\n<p>Para la Secretar\u00eda de Gobierno existe una ruta cr\u00edtica de atenci\u00f3n a los conflictos, cuyo resultado se refleja en la resoluci\u00f3n de 20 asuntos durante el primer a\u00f1o del Gobierno del Estado.<\/p>\n\n\n\n<p>Asimismo, como Gobierno del Estado celebra contar con el respaldo de la federaci\u00f3n a trav\u00e9s de la Secretar\u00eda de Gobernaci\u00f3n, para atender la conflictividad agraria.<\/p>\n\n\n\n<p>Las comunidades en conflicto son:<\/p>\n\n\n\n<p>Santo Domingo Ixcatl\u00e1n y Chalcatongo de Hidalgo, mantienen una disputa de m\u00e1s de 34 a\u00f1os, por una superficie de mil 356 hect\u00e1reas que jur\u00eddicamente pertenec\u00edan a Santo Domingo Ixcatl\u00e1n y que parte de las mismas est\u00e1n en posesi\u00f3n comuneros de Chalcatongo de Hidalgo.<\/p>\n\n\n\n<p>San Pedro el Alto y Santo Domingo Teojomulco mantienen un conflicto de m\u00e1s de 67 a\u00f1os, por una superficie de 7 mil 46 hect\u00e1reas, que se encuentran amparadas por la Carpeta B\u00e1sica de la comunidad de San Pedro el Alto; pero que Santo Domingo Teojomulco las reclama, argumentando que no fueron considerados para la ejecuci\u00f3n de la resoluci\u00f3n de San Pedro el Alto.<\/p>\n\n\n\n<p>San Miguel El Grande y Tlaxiaco mantienen un conflicto que data del siglo XVI, originado por los t\u00edtulos primordiales de San Miguel el Grande, y que se complica por la pretensi\u00f3n de nueve mil 556 hect\u00e1reas.<\/p>\n\n\n\n<p>Santa Cruz Mitlatongo y Santiago Mitlatongo mantienen un conflicto de m\u00e1s de 70 a\u00f1os, por una superficie de mil 188 hect\u00e1reas, que pertenecen a la primera comunidad; sin embargo, est\u00e1n en posesi\u00f3n de comuneros de la segunda poblaci\u00f3n.<\/p>\n\n\n\n<p>San Juan Mixtepec y Santo Domingo Yoso\u00f1ama mantienen un conflicto de m\u00e1s de 53 a\u00f1os, por una superficie de mil 740 hect\u00e1reas, las cuales jur\u00eddicamente son de San Juan Mixtepec; pero, Santo Domingo Yoso\u00f1ama manifiesta tenerlas en posesi\u00f3n y que les pertenecen, porque as\u00ed lo se\u00f1alan sus t\u00edtulos primordiales.<\/p>\n\n\n\n<p>San Miguel Chimalapa y n\u00facleos agrarios chiapanecos tienen un conflicto de m\u00e1s de 50 a\u00f1os por una superficie aproximada de 12 mil 900 hect\u00e1reas, que est\u00e1n en el \u00e1rea reconocida y titulada a San Miguel Chimalapa, donde se dot\u00f3 de tierras a 4 n\u00facleos agrarios del municipio de Cintalapa, Chiapas.<\/p>\n\n\n\n<p>Santa Mar\u00eda Chimalapa y n\u00facleos agrarios chiapanecos mantienen una disputa de m\u00e1s de 50 a\u00f1os, por una superficie aproximada de 34 mil 514 hect\u00e1reas que se origina porque en la superficie reconocida y titulada a Santa Mar\u00eda Chimalapa, se dot\u00f3 de tierras a 12 n\u00facleos agrarios del municipio de Cintalapa, Chiapas. Aunado a lo anterior se ubican predios de supuestos nacionaleros inmersos en la poligonal de Santa Mar\u00eda Chimalapa.<\/p>\n\n\n\n<p>Santiago Amoltepec y San Mateo Yucutindoo tienen un conflicto de m\u00e1s de 24 a\u00f1os, por una superficie de mil 90 hect\u00e1reas aproximadas que jur\u00eddicamente le pertenece a San Mateo Yucutindoo; no obstante, Santiago Amoltepec las pretende tener; sin que exista voluntad de di\u00e1logo y la violencia en la zona de colindancia ha sido naturalizada.<\/p>\n\n\n\n<p>Los conflictos mencionados han recibido puntual atenci\u00f3n y seguimiento por parte del Gobierno del Estado, quien a trav\u00e9s de la Sego mantienen constante di\u00e1logo con los municipios. Adem\u00e1s, se desarrollar\u00e1n acciones de seguridad en las zonas de conflicto y se impulsar\u00e1 la conciliaci\u00f3n como mecanismo de resoluci\u00f3n de estas problem\u00e1ticas.<\/p>\n\n\n\n<figure class=\"wp-block-image size-full\"><a href=\"http:\/\/www.zonaroja.com.mx\/wp-content\/uploads\/2024\/03\/Foto-6-Atestigua-Gobierno-de-Oaxaca-acuerdo-de-paz-entre-Santa-Cruz-Zenzontepec-y-Santiago-Amoltepec.jpeg\" data-rel=\"penci-gallery-image-content\" ><img decoding=\"async\" width=\"900\" height=\"600\" src=\"http:\/\/www.zonaroja.com.mx\/wp-content\/uploads\/2024\/03\/Foto-6-Atestigua-Gobierno-de-Oaxaca-acuerdo-de-paz-entre-Santa-Cruz-Zenzontepec-y-Santiago-Amoltepec.jpeg\" alt=\"\" class=\"wp-image-66698\" srcset=\"https:\/\/zonaroja.com.mx\/wp-content\/uploads\/2024\/03\/Foto-6-Atestigua-Gobierno-de-Oaxaca-acuerdo-de-paz-entre-Santa-Cruz-Zenzontepec-y-Santiago-Amoltepec.jpeg 900w, https:\/\/zonaroja.com.mx\/wp-content\/uploads\/2024\/03\/Foto-6-Atestigua-Gobierno-de-Oaxaca-acuerdo-de-paz-entre-Santa-Cruz-Zenzontepec-y-Santiago-Amoltepec-300x200.jpeg 300w, https:\/\/zonaroja.com.mx\/wp-content\/uploads\/2024\/03\/Foto-6-Atestigua-Gobierno-de-Oaxaca-acuerdo-de-paz-entre-Santa-Cruz-Zenzontepec-y-Santiago-Amoltepec-768x512.jpeg 768w, https:\/\/zonaroja.com.mx\/wp-content\/uploads\/2024\/03\/Foto-6-Atestigua-Gobierno-de-Oaxaca-acuerdo-de-paz-entre-Santa-Cruz-Zenzontepec-y-Santiago-Amoltepec-585x390.jpeg 585w, https:\/\/zonaroja.com.mx\/wp-content\/uploads\/2024\/03\/Foto-6-Atestigua-Gobierno-de-Oaxaca-acuerdo-de-paz-entre-Santa-Cruz-Zenzontepec-y-Santiago-Amoltepec-263x175.jpeg 263w\" sizes=\"(max-width: 900px) 100vw, 900px\" \/><\/a><\/figure>\n\n\n\n<p>FIRMAN ACUERDO DE PAZ<\/p>\n\n\n\n<p>Por otra parte, en el Palacio de Gobierno, ciudad de Oaxaca, el gobernador Salom\u00f3n Jara Cruz atestigu\u00f3 la firma del acuerdo de paz entre los municipios de Santa Cruz Zenzontepec y Santiago Amoltepec de la Sierra Sur, que abona a la resoluci\u00f3n de un conflicto de m\u00e1s de 70 a\u00f1os por una superficie de 2 mil 811 hect\u00e1reas dividida en 2 pol\u00edgonos.<\/p>\n\n\n\n<p>Durante este acto celebrado en el Sal\u00f3n Regeneraci\u00f3n de Palacio de Gobierno, el mandatario estatal celebr\u00f3 la voluntad de las autoridades de ambas comunidades para entablar este acuerdo que contribuye a la paz y la gobernabilidad del estado, as\u00ed como al bienestar y desarrollo de los 17 mil 897 habitantes de estas comunidades.<\/p>\n\n\n\n<p>Toda vez que ambas poblaciones se encuentran entre los 100 municipios catalogados como con bajos \u00edndices de desarrollo a nivel estatal &#8211; Santa Cruz Zenzontepec en el 79 y Santiago Amoltepec en el 6 &#8211; , la voluntad de sus autoridades contribuir\u00e1 al desarrollo de los habitantes.<\/p>\n\n\n\n<p>En este acto en el que estuvieron presentes representantes de la Secretar\u00eda de Gobernaci\u00f3n (Segob) y de la Procuradur\u00eda Agraria federal, se dio a conocer que las 2 mil 811 hect\u00e1reas en conflicto, divididas en dos pol\u00edgonos, jur\u00eddicamente pertenecen a Santa Cruz Zenzontepec.<\/p>\n\n\n\n<p>Luego de 60 reuniones mediadas por la Sego con autoridades de ambas comunidades, se acord\u00f3 la soluci\u00f3n respecto al pol\u00edgono 2 que consta desde la mojonera Hondura de Bandera hasta la mojonera Paz 2023, ubicada en cerro abuelo, con la cual se define una l\u00ednea de 7 mil 593.75 metros lineales.<\/p>\n\n\n\n<p>Asimismo, se acord\u00f3 seguir con el proceso de dialogo en el pol\u00edgono 1, el cual tiene un avance del 80 por ciento.<\/p>\n\n\n\n<p>(Comunicados)<\/p>\n","protected":false},"excerpt":{"rendered":"<p>Redacci\u00f3n\/Zona Roja. Oaxaca de Ju\u00e1rez, Oax., a 27 de marzo de 2024.- Presidida por la&hellip;<\/p>\n","protected":false},"author":2,"featured_media":66680,"comment_status":"closed","ping_status":"open","sticky":false,"template":"","format":"standard","meta":{"_lmt_disableupdate":"","_lmt_disable":"","_jetpack_memberships_contains_paid_content":false,"footnotes":""},"categories":[109,46],"tags":[939],"class_list":["post-66697","post","type-post","status-publish","format-standard","has-post-thumbnail","hentry","category-minuto-a-minuto","category-zona-blanca","tag-salomon-jara-cruz"],"jetpack_featured_media_url":"https:\/\/zonaroja.com.mx\/wp-content\/uploads\/2024\/03\/Se-instala-Mesa-de-Atencion-Agraria-estatal-y-federal-1.jpeg","jetpack_sharing_enabled":true,"_links":{"self":[{"href":"https:\/\/zonaroja.com.mx\/index.php?rest_route=\/wp\/v2\/posts\/66697","targetHints":{"allow":["GET"]}}],"collection":[{"href":"https:\/\/zonaroja.com.mx\/index.php?rest_route=\/wp\/v2\/posts"}],"about":[{"href":"https:\/\/zonaroja.com.mx\/index.php?rest_route=\/wp\/v2\/types\/post"}],"author":[{"embeddable":true,"href":"https:\/\/zonaroja.com.mx\/index.php?rest_route=\/wp\/v2\/users\/2"}],"replies":[{"embeddable":true,"href":"https:\/\/zonaroja.com.mx\/index.php?rest_route=%2Fwp%2Fv2%2Fcomments&post=66697"}],"version-history":[{"count":1,"href":"https:\/\/zonaroja.com.mx\/index.php?rest_route=\/wp\/v2\/posts\/66697\/revisions"}],"predecessor-version":[{"id":66699,"href":"https:\/\/zonaroja.com.mx\/index.php?rest_route=\/wp\/v2\/posts\/66697\/revisions\/66699"}],"wp:featuredmedia":[{"embeddable":true,"href":"https:\/\/zonaroja.com.mx\/index.php?rest_route=\/wp\/v2\/media\/66680"}],"wp:attachment":[{"href":"https:\/\/zonaroja.com.mx\/index.php?rest_route=%2Fwp%2Fv2%2Fmedia&parent=66697"}],"wp:term":[{"taxonomy":"category","embeddable":true,"href":"https:\/\/zonaroja.com.mx\/index.php?rest_route=%2Fwp%2Fv2%2Fcategories&post=66697"},{"taxonomy":"post_tag","embeddable":true,"href":"https:\/\/zonaroja.com.mx\/index.php?rest_route=%2Fwp%2Fv2%2Ftags&post=66697"}],"curies":[{"name":"wp","href":"https:\/\/api.w.org\/{rel}","templated":true}]}}