{"id":66707,"date":"2024-03-27T11:54:00","date_gmt":"2024-03-27T17:54:00","guid":{"rendered":"http:\/\/www.zonaroja.com.mx\/?p=66707"},"modified":"2024-03-27T08:55:49","modified_gmt":"2024-03-27T14:55:49","slug":"registra-el-pais-95-incendios-forestales-en-18-estados","status":"publish","type":"post","link":"https:\/\/zonaroja.com.mx\/?p=66707","title":{"rendered":"Registra el pa\u00eds 95 incendios forestales, en 18 estados"},"content":{"rendered":"\n<p>Redacci\u00f3n\/Zona Roja Cdmx.<\/p>\n\n\n\n<p>Ciudad de M\u00e9xico, a 27 de marzo de 2024.- &nbsp;La Comisi\u00f3n Nacional Forestal (Conafor) inform\u00f3 que este martes estaban activos 95 incendios forestales en el pa\u00eds, que seg\u00fan cifras preliminares arrasaron con 3 mil 49 hect\u00e1reas en 18 estados y eran combatidos por 4 mil 206 brigadistas.<\/p>\n\n\n\n<p>En el estado de M\u00e9xico ayer muri\u00f3 el polic\u00eda Fernando Arroyo, del Comando Central de la Direcci\u00f3n de Seguridad P\u00fablica y Tr\u00e1nsito del municipio de Donato Guerra, quien se encontraba herido de gravedad al combatir una conflagraci\u00f3n que comenz\u00f3 la semana pasada.<\/p>\n\n\n\n<p>El uniformado qued\u00f3 atrapado en el fuego junto con otros seis brigadistas, de los cuales tres perdieron la vida el jueves; otros dos se encuentran hospitalizados.<\/p>\n\n\n\n<p>La Protectora de Bosques mexiquense inform\u00f3 que ayer se hallaban activos en la entidad 17 incendios, el m\u00e1s importante en Santa Mar\u00eda Mazatla, municipio de Jilotzingo, que comenz\u00f3 el pasado fin de semana y hab\u00eda devastado al menos 200 hect\u00e1reas del Bosque de Agua.<\/p>\n\n\n\n<p>Mientras, la Secretar\u00eda de Medio Ambiente y Recursos Naturales de Hidalgo detall\u00f3, al cierre de la edici\u00f3n, que se encontraban fuera de control tres quemas, una en el municipio de Nicol\u00e1s Flores \u2013ubicado en la Sierra Gorda\u2013 y los otros en Ju\u00e1rez y Zacualtip\u00e1n.<\/p>\n\n\n\n<p>A su vez, autoridades de Guanajuato dieron a conocer que una conflagraci\u00f3n forestal que se origin\u00f3 el domingo, a la altura del kil\u00f3metro 4.5 de la carretera Le\u00f3n-San Felipe, destruy\u00f3 90 hect\u00e1reas de vegetaci\u00f3n, en el \u00e1rea natural protegida Sierra de Lobos.<\/p>\n\n\n\n<p>La Comisi\u00f3n Forestal de Michoac\u00e1n divulg\u00f3 que ayer por la ma\u00f1ana se incendi\u00f3 el Cerro del \u00c1guila, que se encuentra al sur de Morelia, y al mediod\u00eda ya era combatido por tierra y aire, incluso con un helic\u00f3ptero de la Secretar\u00eda de Seguridad P\u00fablica estatal equipado con helibalde, que realiz\u00f3 17 descargas hasta que fuertes vientos impidieron las labores.<\/p>\n\n\n\n<p>Al menos 56 hect\u00e1reas del \u00e1rea de protecci\u00f3n de flora y fauna Corredor Biol\u00f3gico Chichinautzin del Cerro del Tlatoani, en Tlayacapan, Morelos, se quemaron. El gobierno estatal report\u00f3 que trabajan en sofocar el fuego 151 elementos de dependencias estatales y federales.<\/p>\n\n\n\n<p>En Zaragoza, Nuevo Le\u00f3n, las llamas que se generaron el lunes devastaron 60 hect\u00e1reas de matorral, pino y pi\u00f1\u00f3n, inform\u00f3 Protecci\u00f3n Civil local. Sostuvo que&nbsp;\u201cel siniestro se encuentra en un proceso de retroceso y baja actividad\u201d, y se continuaba trabajando por v\u00edas a\u00e9reas y terrestres para sofocarlo.<\/p>\n\n\n\n<p>Asimismo, segu\u00eda activa una quema forestal que se produjo el domingo en una zona de dif\u00edcil acceso en el Cerro de Las Aguilillas, dentro del \u00e1rea natural protegida Cerro Viejo-Chupinaya-Los Sabinos de Ixtlahuac\u00e1n de los Membrillos, Jalisco, demarcaci\u00f3n aleda\u00f1a al lago de Chapala.<\/p>\n\n\n\n<p>Combaten la conflagraci\u00f3n 105 bomberos y brigadistas, voluntarios y de diferentes corporaciones y organismos de los tres \u00f3rdenes de gobierno, con el apoyo de un helic\u00f3ptero del gobierno de la entidad.<\/p>\n\n\n\n<p>&nbsp;(Informaci\u00f3n de \u201cLa Jornada\u201d)<\/p>\n","protected":false},"excerpt":{"rendered":"<p>Redacci\u00f3n\/Zona Roja Cdmx. Ciudad de M\u00e9xico, a 27 de marzo de 2024.- &nbsp;La Comisi\u00f3n Nacional&hellip;<\/p>\n","protected":false},"author":2,"featured_media":40095,"comment_status":"closed","ping_status":"open","sticky":false,"template":"","format":"standard","meta":{"_lmt_disableupdate":"","_lmt_disable":"","_jetpack_memberships_contains_paid_content":false,"footnotes":""},"categories":[109,47],"tags":[1256],"class_list":["post-66707","post","type-post","status-publish","format-standard","has-post-thumbnail","hentry","category-minuto-a-minuto","category-zona-gris","tag-incendios-forestales-oaxaca"],"jetpack_featured_media_url":"https:\/\/zonaroja.com.mx\/wp-content\/uploads\/2022\/04\/Incendios-forestales-Oaxaca-1.jpg","jetpack_sharing_enabled":true,"_links":{"self":[{"href":"https:\/\/zonaroja.com.mx\/index.php?rest_route=\/wp\/v2\/posts\/66707","targetHints":{"allow":["GET"]}}],"collection":[{"href":"https:\/\/zonaroja.com.mx\/index.php?rest_route=\/wp\/v2\/posts"}],"about":[{"href":"https:\/\/zonaroja.com.mx\/index.php?rest_route=\/wp\/v2\/types\/post"}],"author":[{"embeddable":true,"href":"https:\/\/zonaroja.com.mx\/index.php?rest_route=\/wp\/v2\/users\/2"}],"replies":[{"embeddable":true,"href":"https:\/\/zonaroja.com.mx\/index.php?rest_route=%2Fwp%2Fv2%2Fcomments&post=66707"}],"version-history":[{"count":1,"href":"https:\/\/zonaroja.com.mx\/index.php?rest_route=\/wp\/v2\/posts\/66707\/revisions"}],"predecessor-version":[{"id":66708,"href":"https:\/\/zonaroja.com.mx\/index.php?rest_route=\/wp\/v2\/posts\/66707\/revisions\/66708"}],"wp:featuredmedia":[{"embeddable":true,"href":"https:\/\/zonaroja.com.mx\/index.php?rest_route=\/wp\/v2\/media\/40095"}],"wp:attachment":[{"href":"https:\/\/zonaroja.com.mx\/index.php?rest_route=%2Fwp%2Fv2%2Fmedia&parent=66707"}],"wp:term":[{"taxonomy":"category","embeddable":true,"href":"https:\/\/zonaroja.com.mx\/index.php?rest_route=%2Fwp%2Fv2%2Fcategories&post=66707"},{"taxonomy":"post_tag","embeddable":true,"href":"https:\/\/zonaroja.com.mx\/index.php?rest_route=%2Fwp%2Fv2%2Ftags&post=66707"}],"curies":[{"name":"wp","href":"https:\/\/api.w.org\/{rel}","templated":true}]}}