{"id":66709,"date":"2024-03-27T12:56:00","date_gmt":"2024-03-27T18:56:00","guid":{"rendered":"http:\/\/www.zonaroja.com.mx\/?p=66709"},"modified":"2024-03-27T08:59:34","modified_gmt":"2024-03-27T14:59:34","slug":"vinculan-a-proceso-a-tres-presuntos-homicidas-de-ex-jefe-policiaco-en-oaxaca","status":"publish","type":"post","link":"https:\/\/zonaroja.com.mx\/?p=66709","title":{"rendered":"Vinculan a proceso a tres presuntos homicidas de ex jefe policiaco en Oaxaca"},"content":{"rendered":"\n<p>Redacci\u00f3n\/Zona Roja.<\/p>\n\n\n\n<p>Oaxaca de Ju\u00e1rez, Oax., a 27 de marzo de 2024.- La Fiscal\u00eda General del Estado de Oaxaca (FGEO) obtuvo auto de vinculaci\u00f3n a proceso en contra de tres personas identificadas por las iniciales O. M. M. (mujer), E. M. M. alias \u201cEl Cora\u201d, y J. M. G. G., imputadas por el homicidio del ex comisionado de la Polic\u00eda Estatal y actual director de la Polic\u00eda Municipal de Santo Domingo Petapa, en la regi\u00f3n del Istmo de Tehuantepec.<\/p>\n\n\n\n<p>De acuerdo con el expediente penal del caso, los hechos sucedieron el 17 de marzo de 2024, en el camino de terracer\u00eda que conduce hacia el paraje conocido como las Golondrinas en Santo Domingo Petapa, lugar en donde fue encontrado el cuerpo sin vida de una persona del sexo masculino identificado como J.R.L., quien se desempe\u00f1aba como director de la Polic\u00eda Municipal, lugar en donde localizaron casquillos percutidos de arma de fuego.<\/p>\n\n\n\n<p>Como parte de las investigaciones que realiza la FGEO, a trav\u00e9s de la Vicefiscal\u00eda Regional del Istmo, se logr\u00f3 establecer que dos de las personas detenidas podr\u00edan tener responsabilidad como autores materiales, mientras que la tercera persona imputada podr\u00eda tener responsabilidad en la ejecuci\u00f3n de la v\u00edctima.<\/p>\n\n\n\n<p>Derivado de las labores ministeriales, la Fiscal\u00eda present\u00f3 datos de prueba ante el Juez que atiende la causa, quien luego de evaluarlos, dict\u00f3 auto de vinculaci\u00f3n a proceso en contra de O. M. M. (mujer) y E. M. M. alias \u201cEl Cora\u00bb, quienes eran polic\u00edas municipales activos de Santa Mar\u00eda Petapa, al igual que contra J. M. G. G., a los tres imputados les impusieron la medida cautelar de prisi\u00f3n preventiva y se otorgaron tres meses para el cierre de la investigaci\u00f3n complementaria.<\/p>\n","protected":false},"excerpt":{"rendered":"<p>Redacci\u00f3n\/Zona Roja. Oaxaca de Ju\u00e1rez, Oax., a 27 de marzo de 2024.- La Fiscal\u00eda General&hellip;<\/p>\n","protected":false},"author":2,"featured_media":66711,"comment_status":"closed","ping_status":"open","sticky":false,"template":"","format":"standard","meta":{"_lmt_disableupdate":"","_lmt_disable":"","_jetpack_memberships_contains_paid_content":false,"footnotes":""},"categories":[109,46],"tags":[494],"class_list":["post-66709","post","type-post","status-publish","format-standard","has-post-thumbnail","hentry","category-minuto-a-minuto","category-zona-blanca","tag-fiscalia-general-del-estado-de-oaxaca"],"jetpack_featured_media_url":"https:\/\/zonaroja.com.mx\/wp-content\/uploads\/2024\/03\/Detenidos-por-homicidio-de-policia-Petapa.jpeg","jetpack_sharing_enabled":true,"_links":{"self":[{"href":"https:\/\/zonaroja.com.mx\/index.php?rest_route=\/wp\/v2\/posts\/66709","targetHints":{"allow":["GET"]}}],"collection":[{"href":"https:\/\/zonaroja.com.mx\/index.php?rest_route=\/wp\/v2\/posts"}],"about":[{"href":"https:\/\/zonaroja.com.mx\/index.php?rest_route=\/wp\/v2\/types\/post"}],"author":[{"embeddable":true,"href":"https:\/\/zonaroja.com.mx\/index.php?rest_route=\/wp\/v2\/users\/2"}],"replies":[{"embeddable":true,"href":"https:\/\/zonaroja.com.mx\/index.php?rest_route=%2Fwp%2Fv2%2Fcomments&post=66709"}],"version-history":[{"count":1,"href":"https:\/\/zonaroja.com.mx\/index.php?rest_route=\/wp\/v2\/posts\/66709\/revisions"}],"predecessor-version":[{"id":66712,"href":"https:\/\/zonaroja.com.mx\/index.php?rest_route=\/wp\/v2\/posts\/66709\/revisions\/66712"}],"wp:featuredmedia":[{"embeddable":true,"href":"https:\/\/zonaroja.com.mx\/index.php?rest_route=\/wp\/v2\/media\/66711"}],"wp:attachment":[{"href":"https:\/\/zonaroja.com.mx\/index.php?rest_route=%2Fwp%2Fv2%2Fmedia&parent=66709"}],"wp:term":[{"taxonomy":"category","embeddable":true,"href":"https:\/\/zonaroja.com.mx\/index.php?rest_route=%2Fwp%2Fv2%2Fcategories&post=66709"},{"taxonomy":"post_tag","embeddable":true,"href":"https:\/\/zonaroja.com.mx\/index.php?rest_route=%2Fwp%2Fv2%2Ftags&post=66709"}],"curies":[{"name":"wp","href":"https:\/\/api.w.org\/{rel}","templated":true}]}}