{"id":66716,"date":"2024-03-27T16:27:02","date_gmt":"2024-03-27T22:27:02","guid":{"rendered":"http:\/\/www.zonaroja.com.mx\/?p=66716"},"modified":"2024-03-27T16:27:03","modified_gmt":"2024-03-27T22:27:03","slug":"baja-oaxaca-en-niveles-de-ocupacion-y-empleo-en-febrero-inegi","status":"publish","type":"post","link":"https:\/\/zonaroja.com.mx\/?p=66716","title":{"rendered":"Baja Oaxaca en niveles de ocupaci\u00f3n y empleo en febrero: Inegi"},"content":{"rendered":"\n<p>Yuridiana Sosa\/ Zona Roja.<\/p>\n\n\n\n<p>Oaxaca de Ju\u00e1rez, Oax., 27 de marzo de 2024.- La Encuesta Nacional de Ocupaci\u00f3n y Empleo (ENOE) con corte al mes de febrero, revel\u00f3 que Oaxaca baj\u00f3 sus niveles de poblaci\u00f3n ocupada respecto al mes anterior y a 2023.<\/p>\n\n\n\n<p>Los datos del Instituto Nacional de Estad\u00edstica y Geograf\u00eda (Inegi) indicaron que Oaxaca report\u00f3 un porcentaje de la Poblaci\u00f3n Econ\u00f3micamente Activa de 98.5 por ciento, esto es menor a enero cuando encabez\u00f3 la lista nacional con el 99 por ciento del PEA.<\/p>\n\n\n\n<p>El porcentaje m\u00e1s reciente coloca a Oaxaca en el tercer sitio, junto con el estado de Puebla, mientras que primer lugar lo ocuparon los estados de Campeche, Chiapas y Guerrero con el 98.8 por ciento y el segundo lugar fuero Sinaloo y Nayarit con el 98.7 por ciento.<\/p>\n\n\n\n<p>En tanto que en febrero de 2023 la entidad oaxaque\u00f1a encabez\u00f3 la estad\u00edstica nacional con el 99 por ciento de la Poblaci\u00f3n Econ\u00f3micamente Activa.<\/p>\n\n\n\n<p>NACIONAL<\/p>\n\n\n\n<p>En M\u00e9xico, durante febrero de 2024 y con cifras originales, la PEA fue de 60.9 millones de personas, lo que implic\u00f3 una tasa de participaci\u00f3n de 60.2 por ciento.Esto represent\u00f3 una mayor poblaci\u00f3n&nbsp; a la de febrero de 2023, en 917 mil personas.<\/p>\n\n\n\n<p>La poblaci\u00f3n no econ\u00f3micamente activa fue de 40.3 millones de personas, 623 mil m\u00e1s que en el segundo mes de 2023.<\/p>\n\n\n\n<p>Mientras que la poblaci\u00f3n desocupada fue de 1.5 millones de personas y la tasa de desocupaci\u00f3n (TD), de 2.5 por ciento de la PEA. Respecto a febrero de 2023, la poblaci\u00f3n desocupada descendi\u00f3 en 137 mil personas y la TD fue menor en 0.3 puntos porcentuales.<\/p>\n","protected":false},"excerpt":{"rendered":"<p>Yuridiana Sosa\/ Zona Roja. Oaxaca de Ju\u00e1rez, Oax., 27 de marzo de 2024.- La Encuesta&hellip;<\/p>\n","protected":false},"author":2,"featured_media":57719,"comment_status":"closed","ping_status":"open","sticky":false,"template":"","format":"standard","meta":{"_lmt_disableupdate":"","_lmt_disable":"","_jetpack_memberships_contains_paid_content":false,"footnotes":""},"categories":[109,47],"tags":[1702],"class_list":["post-66716","post","type-post","status-publish","format-standard","has-post-thumbnail","hentry","category-minuto-a-minuto","category-zona-gris","tag-encuesta-nacional-de-ocupacion-y-empleo-enoe"],"jetpack_featured_media_url":"https:\/\/zonaroja.com.mx\/wp-content\/uploads\/2023\/07\/Bolsa-de-trabajo-empleo-desempleo-.jpg","jetpack_sharing_enabled":true,"_links":{"self":[{"href":"https:\/\/zonaroja.com.mx\/index.php?rest_route=\/wp\/v2\/posts\/66716","targetHints":{"allow":["GET"]}}],"collection":[{"href":"https:\/\/zonaroja.com.mx\/index.php?rest_route=\/wp\/v2\/posts"}],"about":[{"href":"https:\/\/zonaroja.com.mx\/index.php?rest_route=\/wp\/v2\/types\/post"}],"author":[{"embeddable":true,"href":"https:\/\/zonaroja.com.mx\/index.php?rest_route=\/wp\/v2\/users\/2"}],"replies":[{"embeddable":true,"href":"https:\/\/zonaroja.com.mx\/index.php?rest_route=%2Fwp%2Fv2%2Fcomments&post=66716"}],"version-history":[{"count":1,"href":"https:\/\/zonaroja.com.mx\/index.php?rest_route=\/wp\/v2\/posts\/66716\/revisions"}],"predecessor-version":[{"id":66717,"href":"https:\/\/zonaroja.com.mx\/index.php?rest_route=\/wp\/v2\/posts\/66716\/revisions\/66717"}],"wp:featuredmedia":[{"embeddable":true,"href":"https:\/\/zonaroja.com.mx\/index.php?rest_route=\/wp\/v2\/media\/57719"}],"wp:attachment":[{"href":"https:\/\/zonaroja.com.mx\/index.php?rest_route=%2Fwp%2Fv2%2Fmedia&parent=66716"}],"wp:term":[{"taxonomy":"category","embeddable":true,"href":"https:\/\/zonaroja.com.mx\/index.php?rest_route=%2Fwp%2Fv2%2Fcategories&post=66716"},{"taxonomy":"post_tag","embeddable":true,"href":"https:\/\/zonaroja.com.mx\/index.php?rest_route=%2Fwp%2Fv2%2Ftags&post=66716"}],"curies":[{"name":"wp","href":"https:\/\/api.w.org\/{rel}","templated":true}]}}