{"id":66718,"date":"2024-03-27T17:04:41","date_gmt":"2024-03-27T23:04:41","guid":{"rendered":"http:\/\/www.zonaroja.com.mx\/?p=66718"},"modified":"2024-03-27T17:04:42","modified_gmt":"2024-03-27T23:04:42","slug":"por-incendio-comunidades-de-la-sierra-de-juarez-solicitan-ayuda-urgente-yuridiana-sosa-zona-roja","status":"publish","type":"post","link":"https:\/\/zonaroja.com.mx\/?p=66718","title":{"rendered":"Por incendio, comunidades de la Sierra de Ju\u00e1rez solicitan ayuda urgente Yuridiana Sosa\/Zona Roja."},"content":{"rendered":"\n<p>Oaxaca de Ju\u00e1rez, Oax., 27 de marzo de 2024.- Organizaciones en defensa de los derechos humanos y comunidades de la Sierra de Ju\u00e1rez, exigieron de forma urgente la intervenci\u00f3n de las autoridades federales y estatales para combatir el incendio en la zona de la chinantla, que se encuentra activo desde el pasado 25 de marzo.<\/p>\n\n\n\n<p>Por medio de la agrupaci\u00f3n social Alerta Temprana Red, se advirti\u00f3 del alto riesgo de afectarse el derecho a la vida y al medio ambiente sano en las comunidades de San Juan Quiotepec, Santa Mar\u00eda Totomoxtla, San Francisco La Reforma, Santa Cruz Tepetotutla, debido al incendio forestal.<\/p>\n\n\n\n<p>De acuerdo con los pueblos afectados, el incendio que comenz\u00f3 en San Juan Quiotepec la tarde del pasado 25 de marzo ya se encuentra cerca de la zona urbana, lo cual mantiene la amenaza de la propagaci\u00f3n del fuego pese a los esfuerzos de las y los comuneros.<\/p>\n\n\n\n<p>Pues los combatientes voluntarios no cuentan con el equipo suficiente para evitar que las llamas avancen y con ello tambi\u00e9n provocar un evidente da\u00f1o a la vida silvestre.<\/p>\n\n\n\n<p>&nbsp;Los organismos sociales emitieron una carta dirigida al presidente de M\u00e9xico, Andr\u00e9s Manuel L\u00f3pez Obrador, a autoridades de medio ambiente y derechos humanos del orden federal y estatal para que act\u00faen conforme a las diferentes leyes que garantizan la atenci\u00f3n oportuna a este problema.<\/p>\n\n\n\n<p>\u201cDemandamos al presidente de M\u00e9xico gesti\u00f3n directa con la Secretar\u00eda de Marina, la Secretar\u00eda de Medio Ambiente y Recursos Naturales y la Comisi\u00f3n Nacional Forestal para la gesti\u00f3n de helic\u00f3pteros bomba para la zona de la Chinantla en la sierra Ju\u00e1rez ante el riesgo inminente de la vida humana y silvestre\u201d, urgieron por medio de un oficio.<\/p>\n\n\n\n<p>DESASTRE NATURAL<\/p>\n\n\n\n<p>Alerta Temprana Red se pronunci\u00f3 contra la tard\u00eda respuesta del gobierno de Oaxaca respecto a los anteriores incendios en la entidad.<\/p>\n\n\n\n<p>Conden\u00f3 que en ninguno de los 71 incendios que report\u00f3 la Comisi\u00f3n Estatal Forestal en 2024, al corte del 16 de marzo, el gobierno de Oaxaca haya realizado gestiones oportunas para que el ejecutivo solicitara la declaraci\u00f3n de desastres natural a trav\u00e9s de La Coordinaci\u00f3n Nacional de Protecci\u00f3n Civil.<\/p>\n\n\n\n<p>As\u00ed tambi\u00e9n lamentaron que en Oaxaca no existan acciones ni un marco legal que obligue a la autoridad &nbsp;actuar debidamente ante estos desastres; no cuentan con instalaciones ni equipos para la detecci\u00f3n y combate incendios forestales establecido en el art\u00edculo 141 de la ley general de desarrollo forestal sustentable.<\/p>\n\n\n\n<p>\u201cOaxaca no cuenta con una ley estatal forestal, como tampoco con un consejo estatal forestal conformado e integrado no solo por servidores p\u00fablicos sino por comunidades ind\u00edgenas, sociedad civil entre otros y mucho menos instrumentos que establezcan la composici\u00f3n y funcionamiento del consejo como lo establece la ley federal forestal\u201d, se\u00f1al\u00f3 la Red.<\/p>\n\n\n\n<p>Apuntaron que deben reducirse los procesos administrativos para la solicitud de desastre natural y en caso de las comunidades en Oaxaca, destinar la infraestructura como son helic\u00f3pteros, veh\u00edculos, personal de seguridad y diversos recursos diversos que son activados para contactar a las autoridades ind\u00edgenas de la Sierra Ju\u00e1rez, cada 21 de marzo, para hacer frente a los incendios forestales.<\/p>\n\n\n\n<p>Adem\u00e1s, demand\u00f3 a la Coordinaci\u00f3n Nacional De Protecci\u00f3n Civil establecer medidas afirmativas en materia de solicitud de la declaratoria de desastre natural y activar los mecanismos de atenci\u00f3n emergente ante el riesgo a la vida.<\/p>\n\n\n\n<p>A la coordinaci\u00f3n estatal de protecci\u00f3n civil y gesti\u00f3n de riesgos del estado de Oaxaca exigieron realizar la solicitud de declaratoria de desastre.<\/p>\n","protected":false},"excerpt":{"rendered":"<p>Oaxaca de Ju\u00e1rez, Oax., 27 de marzo de 2024.- Organizaciones en defensa de los derechos&hellip;<\/p>\n","protected":false},"author":2,"featured_media":66719,"comment_status":"closed","ping_status":"open","sticky":false,"template":"","format":"standard","meta":{"_lmt_disableupdate":"","_lmt_disable":"","_jetpack_memberships_contains_paid_content":false,"footnotes":""},"categories":[109,47],"tags":[1256],"class_list":["post-66718","post","type-post","status-publish","format-standard","has-post-thumbnail","hentry","category-minuto-a-minuto","category-zona-gris","tag-incendios-forestales-oaxaca"],"jetpack_featured_media_url":"https:\/\/zonaroja.com.mx\/wp-content\/uploads\/2024\/03\/Alerta-Temprana-Red-incendios-Sierra-Juarez.jpg","jetpack_sharing_enabled":true,"_links":{"self":[{"href":"https:\/\/zonaroja.com.mx\/index.php?rest_route=\/wp\/v2\/posts\/66718","targetHints":{"allow":["GET"]}}],"collection":[{"href":"https:\/\/zonaroja.com.mx\/index.php?rest_route=\/wp\/v2\/posts"}],"about":[{"href":"https:\/\/zonaroja.com.mx\/index.php?rest_route=\/wp\/v2\/types\/post"}],"author":[{"embeddable":true,"href":"https:\/\/zonaroja.com.mx\/index.php?rest_route=\/wp\/v2\/users\/2"}],"replies":[{"embeddable":true,"href":"https:\/\/zonaroja.com.mx\/index.php?rest_route=%2Fwp%2Fv2%2Fcomments&post=66718"}],"version-history":[{"count":1,"href":"https:\/\/zonaroja.com.mx\/index.php?rest_route=\/wp\/v2\/posts\/66718\/revisions"}],"predecessor-version":[{"id":66720,"href":"https:\/\/zonaroja.com.mx\/index.php?rest_route=\/wp\/v2\/posts\/66718\/revisions\/66720"}],"wp:featuredmedia":[{"embeddable":true,"href":"https:\/\/zonaroja.com.mx\/index.php?rest_route=\/wp\/v2\/media\/66719"}],"wp:attachment":[{"href":"https:\/\/zonaroja.com.mx\/index.php?rest_route=%2Fwp%2Fv2%2Fmedia&parent=66718"}],"wp:term":[{"taxonomy":"category","embeddable":true,"href":"https:\/\/zonaroja.com.mx\/index.php?rest_route=%2Fwp%2Fv2%2Fcategories&post=66718"},{"taxonomy":"post_tag","embeddable":true,"href":"https:\/\/zonaroja.com.mx\/index.php?rest_route=%2Fwp%2Fv2%2Ftags&post=66718"}],"curies":[{"name":"wp","href":"https:\/\/api.w.org\/{rel}","templated":true}]}}