{"id":66727,"date":"2024-03-27T22:16:06","date_gmt":"2024-03-28T04:16:06","guid":{"rendered":"http:\/\/www.zonaroja.com.mx\/?p=66727"},"modified":"2024-03-27T22:16:07","modified_gmt":"2024-03-28T04:16:07","slug":"habitante-de-santiago-textitlan-el-asaltado-en-la-capital-de-oaxaca-con-250-mil","status":"publish","type":"post","link":"https:\/\/zonaroja.com.mx\/?p=66727","title":{"rendered":"Habitante de Santiago Textitl\u00e1n, el asaltado en la capital de Oaxaca con $250 mil"},"content":{"rendered":"\n<p>Ismael Garc\u00eda M.\/Zona Roja.<\/p>\n\n\n\n<p>Oaxaca de Ju\u00e1rez, Oax., a 27 de marzo de 2024.- Una persona originaria del municipio de Santiago Textit\u00e1n, de la regi\u00f3n Sierra Sur de Oaxaca, fue la v\u00edctima de un asalto bancario con un cuantioso bot\u00edn en la ciudad capital.<\/p>\n\n\n\n<p>Fue minutos despu\u00e9s del mediod\u00eda de este mi\u00e9rcoles en que se emiti\u00f3 la llamada de alerta, acerca del delito registrado en la sucursal de Banorte ubicada en la avenida Eduardo Mata esquina con prolongaci\u00f3n de Fiallo.<\/p>\n\n\n\n<p>Seg\u00fan la primera versi\u00f3n, al menos dos sujetos a bordo de una motocicleta lo amagaron con un arma, afuera del banco y le arrebataron 250 mil pesos, tras lo cual huyeron.<\/p>\n\n\n\n<p>Pero fue hasta las 12:45 horas en que arribaron dos elementos de la Polic\u00eda Municipal a la sucursal bancaria, pero s\u00f3lo para efectuar un retiro de dinero en un cajero autom\u00e1tico.<\/p>\n\n\n\n<p>A las 12:56 llegaron dos elementos de la Polic\u00eda Estatal de Oaxaca, a bordo de una motopatrulla, quienes ingresaron a Banorte y recabaron los datos necesarios, para luego recomendar a la v\u00edctima que pusiera su denuncia correspondiente.<\/p>\n\n\n\n<p>Posteriormente llegaron elementos de la Agencia Estatal de Investigaciones para iniciar las indagatorias.<\/p>\n\n\n\n<p>La v\u00edctima fue identificada como Rafael M. M., de aproximadamente 60 a\u00f1os de edad.&nbsp;<\/p>\n\n\n\n<p>Por la tarde a trav\u00e9s de las redes sociales se difundi\u00f3 que en una jardinera cercana fueron hallados los documentos del hombre, originario de Santiago Textitl\u00e1n, que ten\u00eda en una mochila que le hab\u00edan arrebatado, mismo que fue entregado posteriormente al due\u00f1o.<\/p>\n","protected":false},"excerpt":{"rendered":"<p>Ismael Garc\u00eda M.\/Zona Roja. Oaxaca de Ju\u00e1rez, Oax., a 27 de marzo de 2024.- Una&hellip;<\/p>\n","protected":false},"author":2,"featured_media":66728,"comment_status":"closed","ping_status":"open","sticky":false,"template":"","format":"standard","meta":{"_lmt_disableupdate":"","_lmt_disable":"","_jetpack_memberships_contains_paid_content":false,"footnotes":""},"categories":[109,47],"tags":[],"class_list":["post-66727","post","type-post","status-publish","format-standard","has-post-thumbnail","hentry","category-minuto-a-minuto","category-zona-gris"],"jetpack_featured_media_url":"https:\/\/zonaroja.com.mx\/wp-content\/uploads\/2024\/03\/Asalto-Banorte-ciudad-de-Oaxaca.jpg","jetpack_sharing_enabled":true,"_links":{"self":[{"href":"https:\/\/zonaroja.com.mx\/index.php?rest_route=\/wp\/v2\/posts\/66727","targetHints":{"allow":["GET"]}}],"collection":[{"href":"https:\/\/zonaroja.com.mx\/index.php?rest_route=\/wp\/v2\/posts"}],"about":[{"href":"https:\/\/zonaroja.com.mx\/index.php?rest_route=\/wp\/v2\/types\/post"}],"author":[{"embeddable":true,"href":"https:\/\/zonaroja.com.mx\/index.php?rest_route=\/wp\/v2\/users\/2"}],"replies":[{"embeddable":true,"href":"https:\/\/zonaroja.com.mx\/index.php?rest_route=%2Fwp%2Fv2%2Fcomments&post=66727"}],"version-history":[{"count":1,"href":"https:\/\/zonaroja.com.mx\/index.php?rest_route=\/wp\/v2\/posts\/66727\/revisions"}],"predecessor-version":[{"id":66729,"href":"https:\/\/zonaroja.com.mx\/index.php?rest_route=\/wp\/v2\/posts\/66727\/revisions\/66729"}],"wp:featuredmedia":[{"embeddable":true,"href":"https:\/\/zonaroja.com.mx\/index.php?rest_route=\/wp\/v2\/media\/66728"}],"wp:attachment":[{"href":"https:\/\/zonaroja.com.mx\/index.php?rest_route=%2Fwp%2Fv2%2Fmedia&parent=66727"}],"wp:term":[{"taxonomy":"category","embeddable":true,"href":"https:\/\/zonaroja.com.mx\/index.php?rest_route=%2Fwp%2Fv2%2Fcategories&post=66727"},{"taxonomy":"post_tag","embeddable":true,"href":"https:\/\/zonaroja.com.mx\/index.php?rest_route=%2Fwp%2Fv2%2Ftags&post=66727"}],"curies":[{"name":"wp","href":"https:\/\/api.w.org\/{rel}","templated":true}]}}